{"id":10451,"date":"2026-04-27T13:59:35","date_gmt":"2026-04-27T13:59:35","guid":{"rendered":"https:\/\/www.kdriu.hu\/?p=10451"},"modified":"2026-09-03T14:14:35","modified_gmt":"2026-09-03T14:14:35","slug":"helyi-alapanyagoktol-a-csaladi-asztalig-videon-a-fazekba","status":"publish","type":"post","link":"https:\/\/www.kdriu.hu\/en\/helyi-alapanyagoktol-a-csaladi-asztalig-videon-a-fazekba\/","title":{"rendered":"Helyi alapanyagokt\u00f3l a csal\u00e1di asztalig \u2013 vide\u00f3n a Faz\u00e9kba!"},"content":{"rendered":"<h1 class=\"wp-block-heading\">Helyi alapanyagokt\u00f3l a csal\u00e1di asztalig \u2013 vide\u00f3n a Faz\u00e9kba!<\/h1>\n\n\n\n<p class=\"wp-block-paragraph\">Helyi termel\u0151kt\u0151l sz\u00e1rmaz\u00f3 alapanyagok, konyhak\u00e9sz csomagok \u00e9s l\u00e9nyegesen r\u00f6videbb el\u0151k\u00e9sz\u00edt\u00e9si id\u0151: Gyulay Levente a tordasi Faz\u00e9kba! m\u0171k\u00f6d\u00e9s\u00e9t \u00e9s az otthoni f\u0151z\u00e9st megk\u00f6nny\u00edt\u0151 szolg\u00e1ltat\u00e1s h\u00e1tter\u00e9t mutatja be a BIOPRO Regions vide\u00f3sorozat\u00e1ban.<\/p>\n\n\n\n<p class=\"wp-block-paragraph\">Sok csal\u00e1dban nem maga a f\u0151z\u00e9s jelenti a legnagyobb neh\u00e9zs\u00e9get, hanem az azt megel\u0151z\u0151 folyamat: a megfelel\u0151 alapanyagok beszerz\u00e9se, megtiszt\u00edt\u00e1sa, feldarabol\u00e1sa \u00e9s adagol\u00e1sa. A Faz\u00e9kba! erre a mindennapi probl\u00e9m\u00e1ra k\u00edn\u00e1l olyan megold\u00e1st, amely egyszerre \u00e9p\u00edt a helyi \u00e9lelmiszerekre, a k\u00e9nyelmes felhaszn\u00e1l\u00e1sra \u00e9s a termel\u0151kkel kialak\u00edtott k\u00f6zvetlen kapcsolatokra.<\/p>\n\n\n\n<p class=\"wp-block-paragraph\">A szolg\u00e1ltat\u00e1s \u00f6tlet\u00e9t Gyulay Levente \u00e9desanyj\u00e1nak tapasztalatai inspir\u00e1lt\u00e1k. Elfoglalt munk\u00e1ja mellett is friss, h\u00e1zt\u00e1ji alapanyagokb\u00f3l szeretett volna \u00e9telt tenni a csal\u00e1di asztalra, de ezek beszerz\u00e9se \u00e9s el\u0151k\u00e9sz\u00edt\u00e9se sok id\u0151t ig\u00e9nyelt. A csal\u00e1d el\u0151sz\u00f6r otthoni k\u00f6r\u00fclm\u00e9nyek k\u00f6z\u00f6tt kezdett k\u00eds\u00e9rletezni az el\u0151k\u00e9sz\u00edtett alapanyagokat tartalmaz\u00f3 csomagokkal, k\u00e9s\u0151bb pedig kialak\u00edtott\u00e1k a szolg\u00e1ltat\u00e1s \u00fczemi \u00e9s logisztikai h\u00e1tter\u00e9t.<\/p>\n\n\n\n<figure class=\"wp-block-embed is-type-video is-provider-youtube wp-block-embed-youtube wp-embed-aspect-16-9 wp-has-aspect-ratio\"><div class=\"wp-block-embed__wrapper\">\n<iframe title=\"Faz\u00e9kba! \u2013 Helyi alapanyagokb\u00f3l konyhak\u00e9sz \u00e9telcsomagok | BIOPRO Regions\" width=\"500\" height=\"281\" src=\"https:\/\/www.youtube.com\/embed\/smPDoOsYMQo?feature=oembed\" frameborder=\"0\" allow=\"accelerometer; autoplay; clipboard-write; encrypted-media; gyroscope; picture-in-picture; web-share\" referrerpolicy=\"strict-origin-when-cross-origin\" allowfullscreen><\/iframe>\n<\/div><\/figure>\n\n\n\n<p class=\"wp-block-paragraph\">A Tordason m\u0171k\u00f6d\u0151 agr\u00e1rlogisztikai k\u00f6zpont elhelyezked\u00e9se kedvez\u0151: Budapest \u00e9s az M7-es aut\u00f3p\u00e1lya k\u00f6zels\u00e9ge lehet\u0151v\u00e9 teszi, hogy a v\u00e1llalkoz\u00e1s a f\u0151v\u00e1ros mellett m\u00e1s telep\u00fcl\u00e9seket, p\u00e9ld\u00e1ul Sz\u00e9kesfeh\u00e9rv\u00e1rt is el\u00e9rje.<\/p>\n\n\n\n<p class=\"wp-block-paragraph\">A feldolgoz\u00f3\u00fczem egyik k\u00fcl\u00f6nlegess\u00e9ge, hogy viszonylag kis ter\u00fcleten kell biztos\u00edtania a h\u00fas-, tej-, z\u00f6lds\u00e9g- \u00e9s sz\u00e1raz\u00e1ru-alapanyagok szab\u00e1lyos \u00e9s elk\u00fcl\u00f6n\u00edtett feldolgoz\u00e1s\u00e1t. A h\u00fasok el\u0151k\u00e9sz\u00edt\u00e9se \u00e9s v\u00e1kuumcsomagol\u00e1sa, a tejterm\u00e9kek kezel\u00e9se, a z\u00f6lds\u00e9gek tiszt\u00edt\u00e1sa, szeletel\u00e9se \u00e9s adagol\u00e1sa k\u00fcl\u00f6n munkafolyamatokban t\u00f6rt\u00e9nik. Az el\u0151k\u00e9sz\u00edtett alapanyagok v\u00e9g\u00fcl pontosan kim\u00e9rt egys\u00e9gcsomagokba ker\u00fclnek, majd h\u0171t\u00f6tt k\u00f6r\u00fclm\u00e9nyek k\u00f6z\u00f6tt jutnak el a megrendel\u0151kh\u00f6z.<\/p>\n\n\n\n<p class=\"wp-block-paragraph\">A Faz\u00e9kba! 2019-ben t\u00edz helyi termel\u0151 r\u00e9szv\u00e9tel\u00e9vel r\u00f6vid ell\u00e1t\u00e1si l\u00e1ncot hozott l\u00e9tre. Az egy\u00fcttm\u0171k\u00f6d\u00e9s c\u00e9lja, hogy az alapanyagok min\u00e9l k\u00f6zelebbr\u0151l \u00e9rkezzenek, mik\u00f6zben a v\u00e1llalkoz\u00e1s a termel\u0151k logisztikai \u00e9s \u00e9rt\u00e9kes\u00edt\u00e9si feladatait is seg\u00edti.<\/p>\n\n\n\n<p class=\"wp-block-paragraph\">A csal\u00e1dok interneten kereszt\u00fcl rendelhetik meg a csomagokat. A be\u00e9rkez\u0151 rendel\u00e9sek alapj\u00e1n a Faz\u00e9kba! beszerzi a sz\u00fcks\u00e9ges alapanyagokat a termel\u0151kt\u0151l, elv\u00e9gzi az el\u0151k\u00e9sz\u00edt\u00e9st, majd az elk\u00e9sz\u00edt\u00e9si \u00fatmutat\u00f3val egy\u00fctt kisz\u00e1ll\u00edtja a csomagokat. A pontos adagol\u00e1snak k\u00f6sz\u00f6nhet\u0151en kevesebb hullad\u00e9k keletkezik, az el\u0151k\u00e9sz\u00edt\u00e9si id\u0151 pedig jelent\u0151sen ler\u00f6vid\u00fcl. \u00cdgy a v\u00e1s\u00e1rl\u00f3knak t\u00f6bb idej\u00fck marad a f\u0151z\u00e9s kreat\u00edv \u00e9s k\u00f6z\u00f6ss\u00e9gi r\u00e9sz\u00e9re.<\/p>\n\n\n\n<p class=\"wp-block-paragraph\">A Faz\u00e9kba! modellje egyszerre kapcsolja \u00f6ssze a helyi termel\u0151ket, a feldolgoz\u00e1si \u00e9s logisztikai kapacit\u00e1sokat, az online rendel\u00e9st \u00e9s a csal\u00e1di \u00e9telk\u00e9sz\u00edt\u00e9st. Ez k\u00fcl\u00f6n\u00f6sen j\u00f3l illeszkedik a BIOPRO Regions \u2013 Bio &amp; Proximity Products Regions projekt c\u00e9ljaihoz, amely a fenntarthat\u00f3 helyi \u00e9lelmiszerl\u00e1ncok, a r\u00f6videbb sz\u00e1ll\u00edt\u00e1si \u00fatvonalak \u00e9s az er\u0151forr\u00e1s-hat\u00e9kony megold\u00e1sok elterjed\u00e9s\u00e9t t\u00e1mogatja.<\/p>\n\n\n\n<p class=\"wp-block-paragraph\">A projekt magyar partnere a K\u00f6z\u00e9p-dun\u00e1nt\u00fali Region\u00e1lis Innov\u00e1ci\u00f3s \u00dcgyn\u00f6ks\u00e9g Nonprofit Kft.<\/p>\n\n\n\n<p class=\"wp-block-paragraph\">Tov\u00e1bbi inform\u00e1ci\u00f3:<\/p>\n\n\n\n<ul class=\"wp-block-list\">\n<li>Faz\u00e9kba!: <a href=\"https:\/\/fazekba.hu\/\">https:\/\/fazekba.hu\/<\/a><\/li>\n\n\n\n<li>BIOPRO Regions: <a href=\"https:\/\/www.interregeurope.eu\/biopro-regions\/\">https:\/\/www.interregeurope.eu\/biopro-regions\/<\/a><\/li>\n<\/ul>\n\n\n\n<p class=\"wp-block-paragraph\">A projekt az Interreg Europe programban, az Eur\u00f3pai Uni\u00f3 t\u00e1rsfinansz\u00edroz\u00e1s\u00e1val val\u00f3sul meg.<\/p>","protected":false},"excerpt":{"rendered":"<p>Helyi alapanyagokt\u00f3l a csal\u00e1di asztalig \u2013 vide\u00f3n a Faz\u00e9kba! Helyi termel\u0151kt\u0151l sz\u00e1rmaz\u00f3 alapanyagok, konyhak\u00e9sz csomagok \u00e9s l\u00e9nyegesen r\u00f6videbb el\u0151k\u00e9sz\u00edt\u00e9si id\u0151: Gyulay Levente a tordasi Faz\u00e9kba! m\u0171k\u00f6d\u00e9s\u00e9t \u00e9s az otthoni f\u0151z\u00e9st megk\u00f6nny\u00edt\u0151 szolg\u00e1ltat\u00e1s h\u00e1tter\u00e9t mutatja be a BIOPRO Regions vide\u00f3sorozat\u00e1ban. Sok csal\u00e1dban nem maga a f\u0151z\u00e9s jelenti a legnagyobb neh\u00e9zs\u00e9get, hanem az azt megel\u0151z\u0151 folyamat: a [&hellip;]<\/p>\n","protected":false},"author":1,"featured_media":10455,"comment_status":"closed","ping_status":"closed","sticky":false,"template":"","format":"standard","meta":{"site-sidebar-layout":"default","site-content-layout":"","ast-site-content-layout":"default","site-content-style":"default","site-sidebar-style":"default","ast-global-header-display":"","ast-banner-title-visibility":"","ast-main-header-display":"","ast-hfb-above-header-display":"","ast-hfb-below-header-display":"","ast-hfb-mobile-header-display":"","site-post-title":"","ast-breadcrumbs-content":"","ast-featured-img":"","footer-sml-layout":"","ast-disable-related-posts":"","theme-transparent-header-meta":"","adv-header-id-meta":"","stick-header-meta":"","header-above-stick-meta":"","header-main-stick-meta":"","header-below-stick-meta":"","astra-migrate-meta-layouts":"set","ast-page-background-enabled":"default","ast-page-background-meta":{"desktop":{"background-color":"","background-image":"","background-repeat":"repeat","background-position":"center center","background-size":"auto","background-attachment":"scroll","background-type":"","background-media":"","overlay-type":"","overlay-color":"","overlay-opacity":"","overlay-gradient":""},"tablet":{"background-color":"","background-image":"","background-repeat":"repeat","background-position":"center center","background-size":"auto","background-attachment":"scroll","background-type":"","background-media":"","overlay-type":"","overlay-color":"","overlay-opacity":"","overlay-gradient":""},"mobile":{"background-color":"","background-image":"","background-repeat":"repeat","background-position":"center center","background-size":"auto","background-attachment":"scroll","background-type":"","background-media":"","overlay-type":"","overlay-color":"","overlay-opacity":"","overlay-gradient":""}},"ast-content-background-meta":{"desktop":{"background-color":"var(--ast-global-color-5)","background-image":"","background-repeat":"repeat","background-position":"center center","background-size":"auto","background-attachment":"scroll","background-type":"","background-media":"","overlay-type":"","overlay-color":"","overlay-opacity":"","overlay-gradient":""},"tablet":{"background-color":"var(--ast-global-color-5)","background-image":"","background-repeat":"repeat","background-position":"center center","background-size":"auto","background-attachment":"scroll","background-type":"","background-media":"","overlay-type":"","overlay-color":"","overlay-opacity":"","overlay-gradient":""},"mobile":{"background-color":"var(--ast-global-color-5)","background-image":"","background-repeat":"repeat","background-position":"center center","background-size":"auto","background-attachment":"scroll","background-type":"","background-media":"","overlay-type":"","overlay-color":"","overlay-opacity":"","overlay-gradient":""}},"footnotes":""},"categories":[9],"tags":[],"class_list":["post-10451","post","type-post","status-publish","format-standard","has-post-thumbnail","hentry","category-aktualis"],"_links":{"self":[{"href":"https:\/\/www.kdriu.hu\/en\/wp-json\/wp\/v2\/posts\/10451","targetHints":{"allow":["GET"]}}],"collection":[{"href":"https:\/\/www.kdriu.hu\/en\/wp-json\/wp\/v2\/posts"}],"about":[{"href":"https:\/\/www.kdriu.hu\/en\/wp-json\/wp\/v2\/types\/post"}],"author":[{"embeddable":true,"href":"https:\/\/www.kdriu.hu\/en\/wp-json\/wp\/v2\/users\/1"}],"replies":[{"embeddable":true,"href":"https:\/\/www.kdriu.hu\/en\/wp-json\/wp\/v2\/comments?post=10451"}],"version-history":[{"count":1,"href":"https:\/\/www.kdriu.hu\/en\/wp-json\/wp\/v2\/posts\/10451\/revisions"}],"predecessor-version":[{"id":10452,"href":"https:\/\/www.kdriu.hu\/en\/wp-json\/wp\/v2\/posts\/10451\/revisions\/10452"}],"wp:featuredmedia":[{"embeddable":true,"href":"https:\/\/www.kdriu.hu\/en\/wp-json\/wp\/v2\/media\/10455"}],"wp:attachment":[{"href":"https:\/\/www.kdriu.hu\/en\/wp-json\/wp\/v2\/media?parent=10451"}],"wp:term":[{"taxonomy":"category","embeddable":true,"href":"https:\/\/www.kdriu.hu\/en\/wp-json\/wp\/v2\/categories?post=10451"},{"taxonomy":"post_tag","embeddable":true,"href":"https:\/\/www.kdriu.hu\/en\/wp-json\/wp\/v2\/tags?post=10451"}],"curies":[{"name":"wp","href":"https:\/\/api.w.org\/{rel}","templated":true}]}}