{"id":4654,"date":"2021-06-07T09:30:26","date_gmt":"2021-06-07T09:30:26","guid":{"rendered":"http:\/\/www.kdriu.hu\/?p=4654"},"modified":"2021-06-07T09:33:40","modified_gmt":"2021-06-07T09:33:40","slug":"munkatarsat-keresunk","status":"publish","type":"post","link":"https:\/\/www.kdriu.hu\/en\/munkatarsat-keresunk\/","title":{"rendered":"Dolgozz n\u00e1lunk!"},"content":{"rendered":"<p><strong>Nemzetk\u00f6zi projektek (els\u0151sorban Interreg Transznacion\u00e1lis Programok) menedzsel\u00e9s\u00e9ben j\u00e1rtas, t\u00e1rgyal\u00f3k\u00e9pes angol nyelvtud\u00e1ssal rendelkez\u0151 PROJEKTMENEDZSER munkat\u00e1rsat keres\u00fcnk!<\/strong><\/p>\n\n\n\n<p><strong><em>A munk\u00e1r\u00f3l:<\/em><\/strong><\/p>\n\n\n\n<p>Els\u0151sorban nemzetk\u00f6zi projektek partners\u00e9g\u00e9ben fogsz dolgozni olyan projektek fejleszt\u00e9s\u00e9n mint p\u00e9ld\u00e1ul innov\u00e1ci\u00f3k bevezet\u00e9se az otthongondoz\u00e1sban, k\u00f6z\u00e9piskol\u00e1s di\u00e1kok v\u00e1llalkoz\u00f3i ismeret\u00e9nek b\u0151v\u00edt\u00e9se \u00e9lm\u00e9nyalap\u00fa digit\u00e1lis oktat\u00e1si rendszer seg\u00edts\u00e9g\u00e9vel, illetve az 50 \u00e9v felettiek digit\u00e1lis v\u00e1llalkoz\u00f3i kompetenci\u00e1j\u00e1nak fejleszt\u00e9se.<\/p>\n\n\n\n<p><strong><em>Why us?<\/em><\/strong><\/p>\n\n\n\n<ul class=\"wp-block-list\"><li>Csal\u00e1dbar\u00e1t munkahely \u00e9s munkat\u00e1rsak \u2013 Mindannyian sz\u00fcl\u0151k vagyunk, \u00edgy tudjuk, hogy a megfelel\u0151 munkav\u00e9gz\u00e9shez otthon rendben kell lennie a dolgoknak. Partnerek vagyunk mindenben.<\/li><li>Rugalmas munkarend, home office munkav\u00e9gz\u00e9si lehet\u0151s\u00e9ggel<\/li><li>Versenyk\u00e9pes fizet\u00e9s<\/li><li>Remek, fiatal, elk\u00f6telezett csapat \u2013 Nyitottak vagyunk a v\u00e1ltoz\u00e1sra, az \u00faj szeml\u00e9letekre, ez\u00e9rt izgatottan v\u00e1rjuk milyen \u00faj sz\u00ednt hozol a csapatba! &#x1f60a;<\/li><li>Pozit\u00edv hat\u00e1s a munk\u00e1nkkal \u2013 Fontosnak tartjuk a t\u00e1rsadalmi felel\u0151ss\u00e9gv\u00e1llal\u00e1st, a k\u00f6rnyezetv\u00e9delmet, a fenntarthat\u00f3s\u00e1got, ez\u00e9rt projektjeink nagy r\u00e9sze ezekhez is kapcsol\u00f3dik.<\/li><li>Szem\u00e9lyes \u00e9s szakmai fejl\u0151d\u00e9si lehet\u0151s\u00e9g \u2013 Hisz\u00fcnk abban, ha fejl\u0151dik az egy\u00e9n, abb\u00f3l a v\u00e1llalat is profit\u00e1l, \u00edgy maxim\u00e1lisan t\u00e1mogatunk a tanul\u00e1sban is.<\/li><li>Utaz\u00e1sok \u2013 A projektek megval\u00f3s\u00edt\u00e1sa sor\u00e1n bej\u00e1rhatod eg\u00e9sz Eur\u00f3p\u00e1t a k\u00fcl\u00f6nb\u00f6z\u0151 meetingek alkalm\u00e1val.<\/li><li>J\u00f3l megk\u00f6zel\u00edthet\u0151 iroda \u2013 B\u00e1zisunk az M7 aut\u00f3p\u00e1lya k\u00f6zvetlen k\u00f6zel\u00e9ben tal\u00e1lhat\u00f3, Sz\u00e9kesfeh\u00e9rv\u00e1ron.<\/li><li>K\u00e1v\u00e9, \u00e1sv\u00e1nyv\u00edz \u00e9s j\u00f3 hangulat az irod\u00e1ban&#x1f60a;<\/li><\/ul>\n\n\n\n<p>Tov\u00e1bbi inf\u00f3k\u00e9rt keresd fel a R\u00d3LUNK men\u00fcpontot!<\/p>\n\n\n\n<p><strong><em>Mit v\u00e1runk t\u0151led?<\/em><\/strong><\/p>\n\n\n\n<ul class=\"wp-block-list\"><li>Nemzetk\u00f6zi projektek (els\u0151sorban Interreg \u00e9s Danube Transznacion\u00e1lis Programok) menedzsel\u00e9s\u00e9ben szerzett tapasztalat<\/li><li>T\u00e1rgyal\u00f3k\u00e9pes angol nyelvtud\u00e1s sz\u00f3ban \u00e9s \u00edr\u00e1sban egyar\u00e1nt (fels\u0151fok)<\/li><li>Szervez\u0151k\u00e9szs\u00e9g, proakt\u00edv hozz\u00e1\u00e1ll\u00e1s, csapatmunka<\/li><li>Nyitotts\u00e1g a fejl\u0151d\u00e9sre, \u00faj dolgokra, kih\u00edv\u00e1sokra<\/li><li>J\u00f3 probl\u00e9ma megold\u00f3 k\u00e9szs\u00e9g, \u00f6n\u00e1ll\u00f3s\u00e1g<\/li><\/ul>\n\n\n\n<p><strong>F\u00e9nyk\u00e9pes \u00f6n\u00e9letrajzodat az al\u00e1bbi email c\u00edmre v\u00e1rjuk: <a href=\"mailto:szepvol@kdriu.hu\">szepvol@kdriu.hu<\/a><\/strong><\/p>","protected":false},"excerpt":{"rendered":"<p>Nemzetk\u00f6zi projektek (els\u0151sorban Interreg Transznacion\u00e1lis Programok) menedzsel\u00e9s\u00e9ben j\u00e1rtas, t\u00e1rgyal\u00f3k\u00e9pes angol nyelvtud\u00e1ssal rendelkez\u0151 PROJEKTMENEDZSER munkat\u00e1rsat keres\u00fcnk!<\/p>","protected":false},"author":1,"featured_media":4644,"comment_status":"closed","ping_status":"open","sticky":false,"template":"","format":"standard","meta":{"site-sidebar-layout":"default","site-content-layout":"default","ast-site-content-layout":"default","site-content-style":"default","site-sidebar-style":"default","ast-global-header-display":"","ast-banner-title-visibility":"","ast-main-header-display":"","ast-hfb-above-header-display":"","ast-hfb-below-header-display":"","ast-hfb-mobile-header-display":"","site-post-title":"","ast-breadcrumbs-content":"","ast-featured-img":"","footer-sml-layout":"","ast-disable-related-posts":"","theme-transparent-header-meta":"default","adv-header-id-meta":"","stick-header-meta":"","header-above-stick-meta":"","header-main-stick-meta":"","header-below-stick-meta":"","astra-migrate-meta-layouts":"default","ast-page-background-enabled":"default","ast-page-background-meta":{"desktop":{"background-color":"","background-image":"","background-repeat":"repeat","background-position":"center center","background-size":"auto","background-attachment":"scroll","background-type":"","background-media":"","overlay-type":"","overlay-color":"","overlay-opacity":"","overlay-gradient":""},"tablet":{"background-color":"","background-image":"","background-repeat":"repeat","background-position":"center center","background-size":"auto","background-attachment":"scroll","background-type":"","background-media":"","overlay-type":"","overlay-color":"","overlay-opacity":"","overlay-gradient":""},"mobile":{"background-color":"","background-image":"","background-repeat":"repeat","background-position":"center center","background-size":"auto","background-attachment":"scroll","background-type":"","background-media":"","overlay-type":"","overlay-color":"","overlay-opacity":"","overlay-gradient":""}},"ast-content-background-meta":{"desktop":{"background-color":"var(--ast-global-color-5)","background-image":"","background-repeat":"repeat","background-position":"center center","background-size":"auto","background-attachment":"scroll","background-type":"","background-media":"","overlay-type":"","overlay-color":"","overlay-opacity":"","overlay-gradient":""},"tablet":{"background-color":"var(--ast-global-color-5)","background-image":"","background-repeat":"repeat","background-position":"center center","background-size":"auto","background-attachment":"scroll","background-type":"","background-media":"","overlay-type":"","overlay-color":"","overlay-opacity":"","overlay-gradient":""},"mobile":{"background-color":"var(--ast-global-color-5)","background-image":"","background-repeat":"repeat","background-position":"center center","background-size":"auto","background-attachment":"scroll","background-type":"","background-media":"","overlay-type":"","overlay-color":"","overlay-opacity":"","overlay-gradient":""}},"footnotes":""},"categories":[9],"tags":[],"class_list":["post-4654","post","type-post","status-publish","format-standard","has-post-thumbnail","hentry","category-aktualis"],"_links":{"self":[{"href":"https:\/\/www.kdriu.hu\/en\/wp-json\/wp\/v2\/posts\/4654","targetHints":{"allow":["GET"]}}],"collection":[{"href":"https:\/\/www.kdriu.hu\/en\/wp-json\/wp\/v2\/posts"}],"about":[{"href":"https:\/\/www.kdriu.hu\/en\/wp-json\/wp\/v2\/types\/post"}],"author":[{"embeddable":true,"href":"https:\/\/www.kdriu.hu\/en\/wp-json\/wp\/v2\/users\/1"}],"replies":[{"embeddable":true,"href":"https:\/\/www.kdriu.hu\/en\/wp-json\/wp\/v2\/comments?post=4654"}],"version-history":[{"count":3,"href":"https:\/\/www.kdriu.hu\/en\/wp-json\/wp\/v2\/posts\/4654\/revisions"}],"predecessor-version":[{"id":4657,"href":"https:\/\/www.kdriu.hu\/en\/wp-json\/wp\/v2\/posts\/4654\/revisions\/4657"}],"wp:featuredmedia":[{"embeddable":true,"href":"https:\/\/www.kdriu.hu\/en\/wp-json\/wp\/v2\/media\/4644"}],"wp:attachment":[{"href":"https:\/\/www.kdriu.hu\/en\/wp-json\/wp\/v2\/media?parent=4654"}],"wp:term":[{"taxonomy":"category","embeddable":true,"href":"https:\/\/www.kdriu.hu\/en\/wp-json\/wp\/v2\/categories?post=4654"},{"taxonomy":"post_tag","embeddable":true,"href":"https:\/\/www.kdriu.hu\/en\/wp-json\/wp\/v2\/tags?post=4654"}],"curies":[{"name":"wp","href":"https:\/\/api.w.org\/{rel}","templated":true}]}}