{"id":6125,"date":"2022-03-25T17:34:00","date_gmt":"2022-03-25T17:34:00","guid":{"rendered":"http:\/\/www.kdriu.hu\/?p=6125"},"modified":"2022-04-25T19:07:22","modified_gmt":"2022-04-25T19:07:22","slug":"ujrahasznalat-az-olasz-minta","status":"publish","type":"post","link":"https:\/\/www.kdriu.hu\/en\/ujrahasznalat-az-olasz-minta\/","title":{"rendered":"\u00dajrahaszn\u00e1lat &#8211; Az olasz minta"},"content":{"rendered":"<p><strong><em>M\u00e1rcius elej\u00e9n 2 napot t\u00f6lt\u00f6tt\u00fcnk el Ancona k\u00f6rny\u00e9k\u00e9n az olaszorsz\u00e1gi Marche r\u00e9gi\u00f3 k\u00f6zpontj\u00e1ban. L\u00e1togat\u00e1sunk az \u00fajrahaszn\u00e1lattal foglalkoz\u00f3 nemzetk\u00f6zi projekt\u00fcnk (2Lifes) keret\u00e9ben zajlott, megn\u00e9zt\u00fck, hogy olasz koll\u00e9g\u00e1ink milyen \u00faj \u00f6tleteket vezettek be a mindennapokba az \u00fajrahaszn\u00e1lat el\u0151seg\u00edt\u00e9se \u00e9rdek\u00e9ben.<\/em><\/strong><\/p>\n\n\n\n<p><strong>\u00daJRAHASZN\u00c1LHAT\u00d3 M\u0170ANYAG DOBOZOK A HAL\u00c1SZATBAN<\/strong><\/p>\n\n\n\n<p>A hal\u00e1szok \u00e1ltal kor\u00e1bban haszn\u00e1lt polistirol m\u0171anyag dobozok az er\u0151s ig\u00e9nybev\u00e9tel miatt hamar sz\u00e9tt\u00f6rtek \u00e9s a tengerben v\u00e9gezt\u00e9k hullad\u00e9kk\u00e9nt. Ekkor d\u00f6nt\u00f6ttek \u00fagy, hogy az \u00faj dobozokat polipropil\u00e9nb\u0151l, egy er\u0151sebb anyagb\u00f3l fogj\u00e1k gy\u00e1rtani, \u00edgy \u00fajra \u00e9s \u00fajra lehet \u0151ket haszn\u00e1lni. Jelenleg teszt f\u00e1zisban van a projekt, de a hal\u00e1szokat bevont\u00e1k a tesztel\u00e9sbe, \u00e9s nagyon akt\u00edvak, k\u00e9szek arra, hogy haszn\u00e1lj\u00e1k az \u00faj dobozokat.<\/p>\n\n\n\n<figure class=\"wp-block-gallery has-nested-images columns-default is-cropped wp-block-gallery-1 is-layout-flex wp-block-gallery-is-layout-flex\">\n<figure class=\"wp-block-image size-large\"><img fetchpriority=\"high\" decoding=\"async\" width=\"640\" height=\"480\" data-id=\"6128\" src=\"https:\/\/www.kdriu.hu\/wp-content\/uploads\/2022\/04\/Marche_reuse_1-1.jpg\" alt=\"\" class=\"wp-image-6128\" srcset=\"https:\/\/www.kdriu.hu\/wp-content\/uploads\/2022\/04\/Marche_reuse_1-1.jpg 640w, https:\/\/www.kdriu.hu\/wp-content\/uploads\/2022\/04\/Marche_reuse_1-1-300x225.jpg 300w, https:\/\/www.kdriu.hu\/wp-content\/uploads\/2022\/04\/Marche_reuse_1-1-16x12.jpg 16w\" sizes=\"(max-width: 640px) 100vw, 640px\" \/><\/figure>\n\n\n\n<figure class=\"wp-block-image size-large\"><img decoding=\"async\" width=\"640\" height=\"480\" data-id=\"6129\" src=\"https:\/\/www.kdriu.hu\/wp-content\/uploads\/2022\/04\/Marche_reuse_2.jpg\" alt=\"\" class=\"wp-image-6129\" srcset=\"https:\/\/www.kdriu.hu\/wp-content\/uploads\/2022\/04\/Marche_reuse_2.jpg 640w, https:\/\/www.kdriu.hu\/wp-content\/uploads\/2022\/04\/Marche_reuse_2-300x225.jpg 300w, https:\/\/www.kdriu.hu\/wp-content\/uploads\/2022\/04\/Marche_reuse_2-16x12.jpg 16w\" sizes=\"(max-width: 640px) 100vw, 640px\" \/><\/figure>\n\n\n\n<figure class=\"wp-block-image size-large\"><img decoding=\"async\" width=\"640\" height=\"480\" data-id=\"6130\" src=\"https:\/\/www.kdriu.hu\/wp-content\/uploads\/2022\/04\/Marche_reuse_3.jpg\" alt=\"\" class=\"wp-image-6130\" srcset=\"https:\/\/www.kdriu.hu\/wp-content\/uploads\/2022\/04\/Marche_reuse_3.jpg 640w, https:\/\/www.kdriu.hu\/wp-content\/uploads\/2022\/04\/Marche_reuse_3-300x225.jpg 300w, https:\/\/www.kdriu.hu\/wp-content\/uploads\/2022\/04\/Marche_reuse_3-16x12.jpg 16w\" sizes=\"(max-width: 640px) 100vw, 640px\" \/><\/figure>\n<figcaption class=\"blocks-gallery-caption\">A r\u00e9gi polistirol dobozok k\u00f6nnyen elt\u00f6rtek \u00e9s szennyezt\u00e9k a kik\u00f6t\u0151ket (balra), az \u00faj k\u00e9k sz\u00edn\u0171, polipropil\u00e9nb\u0151l k\u00e9sz\u00fclt dobozok azonban \u00fajrahaszn\u00e1lhat\u00f3k. <\/figcaption><\/figure>\n\n\n\n<p><\/p>\n\n\n\n<p><strong>DIGITALIZ\u00c1CI\u00d3 A TERM\u00c9SZETV\u00c9DELEMBEN<\/strong><\/p>\n\n\n\n<p>A r\u00e9gi\u00f3r\u00f3l az olasz koll\u00e9g\u00e1k azt mes\u00e9lt\u00e9k, hogy k\u00e9t dologban p\u00e9lda \u00e9rt\u00e9k\u0171, a term\u00e9szet v\u00e9delm\u00e9ben \u00e9s a k\u00f6z\u00f6ss\u00e9gfejleszt\u00e9sben. \u00c9p\u00edtettek egy kutat\u00f3 haj\u00f3t, ami a v\u00edz min\u0151s\u00e9g\u00e9t vizsg\u00e1lja, felkutatja, hogy hol a szem\u00e9t a tengeren, milyen jelleg\u0171 a szem\u00e9t, milyen a v\u00edz min\u0151s\u00e9ge, mennyi m\u0171anyag van benne (sajnos egyre t\u00f6bb), az \u00e9l\u0151vil\u00e1gra hat\u00e1ssal van-e a sok hullad\u00e9k, ami a tengerbe ker\u00fcl. Dr\u00f3nokkal is dolgoznak, ezek fot\u00f3znak, t\u00e9rk\u00e9peznek, monitorozz\u00e1k a partot \u00e9s a v\u00edz felsz\u00edn\u00e9t.<\/p>\n\n\n\n<p><\/p>\n\n\n\n<p><strong>\u00daJRAHASZN\u00c1LATI K\u00d6ZPONT MACERAT\u00c1BAN<\/strong><\/p>\n\n\n\n<p>A 40 ezer f\u0151t sz\u00e1ml\u00e1l\u00f3 kisv\u00e1rosban a hullad\u00e9kudvar mellett l\u00e9trehoztak egy \u00fajrahaszn\u00e1lati k\u00f6zpontot. A lakosok \u00e1ltal a hullad\u00e9kudvarba leadott holmikat az ott dolgoz\u00f3k \u00e1tv\u00e1logatj\u00e1k \u00e9s ami m\u00e9g \u00fajra haszn\u00e1lhat\u00f3, azt \u00e1tviszik a REUSE k\u00f6zpontba, katalogiz\u00e1lj\u00e1k, van egy szoftver ami t\u00e1rolja adatostul, fot\u00f3stul a t\u00e1rgyakat \u00e9s lehet is benne keresni.<\/p>\n\n\n\n<div class=\"wp-block-image\"><figure class=\"aligncenter size-full\"><img loading=\"lazy\" decoding=\"async\" width=\"640\" height=\"480\" src=\"https:\/\/www.kdriu.hu\/wp-content\/uploads\/2022\/04\/Marche_reuse_4.jpg\" alt=\"\" class=\"wp-image-6137\" srcset=\"https:\/\/www.kdriu.hu\/wp-content\/uploads\/2022\/04\/Marche_reuse_4.jpg 640w, https:\/\/www.kdriu.hu\/wp-content\/uploads\/2022\/04\/Marche_reuse_4-300x225.jpg 300w, https:\/\/www.kdriu.hu\/wp-content\/uploads\/2022\/04\/Marche_reuse_4-16x12.jpg 16w\" sizes=\"(max-width: 640px) 100vw, 640px\" \/><\/figure><\/div>\n\n\n\n<p><\/p>\n\n\n\n<p><strong>KULTUR\u00c1LIS \u00c9S \u00c9P\u00cdT\u00c9SZETI \u00d6R\u00d6KS\u00c9G HELYRE\u00c1LL\u00cdT\u00c1SA<\/strong><\/p>\n\n\n\n<p>2016. augusztus 24-\u00e9n \u00e9jjel, majd okt\u00f3ber 26-\u00e1n \u00e9s 30-\u00e1n puszt\u00edt\u00f3 erej\u0171 f\u00f6ldreng\u00e9s r\u00e1zta meg K\u00f6z\u00e9p-Olaszorsz\u00e1got. Az \u00e9rintett r\u00e9gi\u00f3k k\u00f6z\u00fcl a Marche r\u00e9gi\u00f3 szenvedte el a legnagyobb k\u00e1rokat, rengeteg r\u00e9gi, m\u0171eml\u00e9kv\u00e9delem alatt \u00e1ll\u00f3 \u00e9p\u00fclet \u00e9s templom omlott \u00f6ssze. A r\u00e9gi\u00f3 d\u00f6nt\u00e9shoz\u00f3i \u00fagy d\u00f6nt\u00f6ttek, hogy megpr\u00f3b\u00e1lj\u00e1k helyre\u00e1ll\u00edtani a legt\u00f6bb \u00e9p\u00fcletet, ez\u00e9rt az \u00f6sszed\u0151lt \u00e9p\u00fcletek t\u00f6bb sz\u00e1z \u00e9ves \u00e9p\u00edt\u0151k\u00f6veit szisztematikusan v\u00e1logatni \u00e9s katalogiz\u00e1lni kezdt\u00e9k. A k\u00f6veket egy telephelyre sz\u00e1ll\u00edtj\u00e1k \u00e9s csoportokba rendezik minden rendelkez\u00e9sre \u00e1ll\u00f3 inform\u00e1ci\u00f3val egy\u00fctt. Vannak k\u00f6z\u00e9p\u00fclet maradv\u00e1nyok, iskol\u00e1k, templomok, nagyon k\u00fcl\u00f6nb\u00f6z\u0151 k\u00f6vek. Mindegyik kupacr\u00f3l tudj\u00e1k, hogy honnan val\u00f3 \u00e9s oda is fogj\u00e1k visszavinni \u00fajj\u00e1\u00e9p\u00edteni az \u00e9p\u00fcleteket. Nem az a c\u00e9l teh\u00e1t, hogy ezt b\u00e1rki haszn\u00e1lhassa, hanem az, hogy azt a kultur\u00e1lis \u00e9s \u00e9p\u00edt\u00e9szeti \u00f6r\u00f6ks\u00e9get gazdag\u00edtsa, ahonnan val\u00f3.<\/p>\n\n\n\n<figure class=\"wp-block-gallery has-nested-images columns-default is-cropped wp-block-gallery-2 is-layout-flex wp-block-gallery-is-layout-flex\">\n<figure class=\"wp-block-image size-large\"><img loading=\"lazy\" decoding=\"async\" width=\"640\" height=\"480\" data-id=\"6141\" src=\"https:\/\/www.kdriu.hu\/wp-content\/uploads\/2022\/04\/Marche_reuse_5.jpg\" alt=\"\" class=\"wp-image-6141\" srcset=\"https:\/\/www.kdriu.hu\/wp-content\/uploads\/2022\/04\/Marche_reuse_5.jpg 640w, https:\/\/www.kdriu.hu\/wp-content\/uploads\/2022\/04\/Marche_reuse_5-300x225.jpg 300w, https:\/\/www.kdriu.hu\/wp-content\/uploads\/2022\/04\/Marche_reuse_5-16x12.jpg 16w\" sizes=\"(max-width: 640px) 100vw, 640px\" \/><\/figure>\n\n\n\n<figure class=\"wp-block-image size-large\"><img loading=\"lazy\" decoding=\"async\" width=\"640\" height=\"480\" data-id=\"6140\" src=\"https:\/\/www.kdriu.hu\/wp-content\/uploads\/2022\/04\/Marche_reuse_6.jpg\" alt=\"\" class=\"wp-image-6140\" srcset=\"https:\/\/www.kdriu.hu\/wp-content\/uploads\/2022\/04\/Marche_reuse_6.jpg 640w, https:\/\/www.kdriu.hu\/wp-content\/uploads\/2022\/04\/Marche_reuse_6-300x225.jpg 300w, https:\/\/www.kdriu.hu\/wp-content\/uploads\/2022\/04\/Marche_reuse_6-16x12.jpg 16w\" sizes=\"(max-width: 640px) 100vw, 640px\" \/><\/figure>\n\n\n\n<figure class=\"wp-block-image size-large\"><img loading=\"lazy\" decoding=\"async\" width=\"640\" height=\"480\" data-id=\"6142\" src=\"https:\/\/www.kdriu.hu\/wp-content\/uploads\/2022\/04\/Marche_reuse_7.jpg\" alt=\"\" class=\"wp-image-6142\" srcset=\"https:\/\/www.kdriu.hu\/wp-content\/uploads\/2022\/04\/Marche_reuse_7.jpg 640w, https:\/\/www.kdriu.hu\/wp-content\/uploads\/2022\/04\/Marche_reuse_7-300x225.jpg 300w, https:\/\/www.kdriu.hu\/wp-content\/uploads\/2022\/04\/Marche_reuse_7-16x12.jpg 16w\" sizes=\"(max-width: 640px) 100vw, 640px\" \/><\/figure>\n<\/figure>\n\n\n\n<p><\/p>\n\n\n\n<p><strong>MOSHAT\u00d3 PELENKA A B\u00d6LCS\u0150D\u00c9KBEN<\/strong><\/p>\n\n\n\n<p>Egy hagyom\u00e1nyos pelenka leboml\u00e1si ideje kb. 500 \u00e9v, egy gyermekre nagyj\u00e1b\u00f3l 1,3 tonna pelenk\u00e1t haszn\u00e1lunk el mire el\u00e9ri a szobatiszta kort. A r\u00e9gi\u00f3ban 10 b\u00f6lcs\u0151de r\u00e9szv\u00e9tel\u00e9vel zajlik egy projekt, amely a moshat\u00f3 pelenk\u00e1t helyezi el\u0151t\u00e9rbe. A projekt seg\u00edts\u00e9g\u00e9vel 46 tonna hullad\u00e9kkal kevesebb keletkezik \u00e9vente a ter\u00fcleten.  A program az otthoni haszn\u00e1latot is \u00f6szt\u00f6nzi, gy\u0171jt\u0151pontokon gy\u0171jtik \u00f6ssze a szennyest \u00e9s a projektben r\u00e9sztvev\u0151 csal\u00e1dok az iskolai \u00e9vekben tand\u00edj kedvezm\u00e9nyt kapnak.<\/p>\n\n\n\n<figure class=\"wp-block-gallery has-nested-images columns-default is-cropped wp-block-gallery-3 is-layout-flex wp-block-gallery-is-layout-flex\">\n<figure class=\"wp-block-image size-large\"><img loading=\"lazy\" decoding=\"async\" width=\"480\" height=\"640\" data-id=\"6146\" src=\"https:\/\/www.kdriu.hu\/wp-content\/uploads\/2022\/04\/Marche_reuse_8.jpg\" alt=\"\" class=\"wp-image-6146\" srcset=\"https:\/\/www.kdriu.hu\/wp-content\/uploads\/2022\/04\/Marche_reuse_8.jpg 480w, https:\/\/www.kdriu.hu\/wp-content\/uploads\/2022\/04\/Marche_reuse_8-225x300.jpg 225w, https:\/\/www.kdriu.hu\/wp-content\/uploads\/2022\/04\/Marche_reuse_8-9x12.jpg 9w\" sizes=\"(max-width: 480px) 100vw, 480px\" \/><\/figure>\n\n\n\n<figure class=\"wp-block-image size-large\"><img loading=\"lazy\" decoding=\"async\" width=\"640\" height=\"480\" data-id=\"6145\" src=\"https:\/\/www.kdriu.hu\/wp-content\/uploads\/2022\/04\/Marche_reuse_9.jpg\" alt=\"\" class=\"wp-image-6145\" srcset=\"https:\/\/www.kdriu.hu\/wp-content\/uploads\/2022\/04\/Marche_reuse_9.jpg 640w, https:\/\/www.kdriu.hu\/wp-content\/uploads\/2022\/04\/Marche_reuse_9-300x225.jpg 300w, https:\/\/www.kdriu.hu\/wp-content\/uploads\/2022\/04\/Marche_reuse_9-16x12.jpg 16w\" sizes=\"(max-width: 640px) 100vw, 640px\" \/><\/figure>\n<figcaption class=\"blocks-gallery-caption\">A moshat\u00f3 pelenka nemcsak a baba b\u0151r\u00e9nek tesz j\u00f3t, hanem jelent\u0151sen cs\u00f6kkenti a lerak\u00f3kba ker\u00fcl\u0151 hullad\u00e9kot is.<\/figcaption><\/figure>\n\n\n\n<p><\/p>\n\n\n\n<p><strong>\u00daJRA-POHARAK \u00c9S PAP\u00cdRDOBOZOS \u00c1SV\u00c1NYV\u00cdZ JESI B\u00c1RJAIBAN<\/strong><\/p>\n\n\n\n<p>Jesi v\u00e1ros 15 b\u00e1rj\u00e1ban ker\u00fclt bevezet\u00e9sre egy \u00fajrahaszn\u00e1lhat\u00f3 m\u0171anyag poh\u00e1r, amelynek 1 eur\u00f3 a d\u00edja \u00e9s b\u00e1rmelyik r\u00e9sztvev\u0151 b\u00e1rban leadhat\u00f3, cser\u00e9lhet\u0151. A vend\u00e9gl\u00e1t\u00f3 helyek elmond\u00e1sa alapj\u00e1n nagyon hamar n\u00e9pszer\u0171v\u00e9 v\u00e1lt, rengetegen haszn\u00e1lj\u00e1k \u00e9s szeretik. Ezen k\u00edv\u00fcl a v\u00e1rosban bevezettek egy pap\u00edrdobozos (itthon TETRA PAK) \u00e1sv\u00e1nyvizet, amely jelent\u0151sen cs\u00f6kkentette az \u00fcveghullad\u00e9kot.<\/p>\n\n\n\n<figure class=\"wp-block-gallery has-nested-images columns-default is-cropped wp-block-gallery-4 is-layout-flex wp-block-gallery-is-layout-flex\">\n<figure class=\"wp-block-image size-large\"><img loading=\"lazy\" decoding=\"async\" width=\"640\" height=\"480\" data-id=\"6152\" src=\"https:\/\/www.kdriu.hu\/wp-content\/uploads\/2022\/04\/Marche_reuse_10.jpg\" alt=\"\" class=\"wp-image-6152\" srcset=\"https:\/\/www.kdriu.hu\/wp-content\/uploads\/2022\/04\/Marche_reuse_10.jpg 640w, https:\/\/www.kdriu.hu\/wp-content\/uploads\/2022\/04\/Marche_reuse_10-300x225.jpg 300w, https:\/\/www.kdriu.hu\/wp-content\/uploads\/2022\/04\/Marche_reuse_10-16x12.jpg 16w\" sizes=\"(max-width: 640px) 100vw, 640px\" \/><\/figure>\n\n\n\n<figure class=\"wp-block-image size-large\"><img loading=\"lazy\" decoding=\"async\" width=\"640\" height=\"480\" data-id=\"6151\" src=\"https:\/\/www.kdriu.hu\/wp-content\/uploads\/2022\/04\/Marche_reuse_11.jpg\" alt=\"\" class=\"wp-image-6151\" srcset=\"https:\/\/www.kdriu.hu\/wp-content\/uploads\/2022\/04\/Marche_reuse_11.jpg 640w, https:\/\/www.kdriu.hu\/wp-content\/uploads\/2022\/04\/Marche_reuse_11-300x225.jpg 300w, https:\/\/www.kdriu.hu\/wp-content\/uploads\/2022\/04\/Marche_reuse_11-16x12.jpg 16w\" sizes=\"(max-width: 640px) 100vw, 640px\" \/><\/figure>\n<\/figure>\n\n\n\n<p><\/p>\n\n\n\n<p><strong>PLAYGROUND RIU<\/strong> &#8211; <strong>RE-USE M\u0170HELYEK<\/strong><\/p>\n\n\n\n<p>\u00d6sszesen 5 ilyen k\u00e9zm\u0171ves, \u00fajrahaszn\u00e1latot n\u00e9pszer\u0171s\u00edt\u0151 m\u0171hely l\u00e9tezik a r\u00e9gi\u00f3ban. Iskolai \u00e9s d\u00e9lut\u00e1ni programokat is k\u00edn\u00e1lnak a gyerekeknek.  A gyerekek kreativit\u00e1s\u00e1ra b\u00edzz\u00e1k, hogy az \u00fajrahaszn\u00e1lhat\u00f3 anyagokb\u00f3l mik k\u00e9sz\u00fclnek. <\/p>\n\n\n\n<div class=\"wp-block-image\"><figure class=\"aligncenter size-full\"><img loading=\"lazy\" decoding=\"async\" width=\"640\" height=\"480\" src=\"https:\/\/www.kdriu.hu\/wp-content\/uploads\/2022\/04\/Marche_reuse_17.jpg\" alt=\"\" class=\"wp-image-6156\" srcset=\"https:\/\/www.kdriu.hu\/wp-content\/uploads\/2022\/04\/Marche_reuse_17.jpg 640w, https:\/\/www.kdriu.hu\/wp-content\/uploads\/2022\/04\/Marche_reuse_17-300x225.jpg 300w, https:\/\/www.kdriu.hu\/wp-content\/uploads\/2022\/04\/Marche_reuse_17-16x12.jpg 16w\" sizes=\"(max-width: 640px) 100vw, 640px\" \/><figcaption>Ez a bog\u00e1rhotel joghurtos dobozb\u00f3l, dug\u00f3kb\u00f3l \u00e9s hullad\u00e9k f\u00e1b\u00f3l k\u00e9sz\u00fclt ragaszt\u00f3 felhaszn\u00e1l\u00e1sa n\u00e9lk\u00fcl.<\/figcaption><\/figure><\/div>\n\n\n\n<p>H\u00e1rom korcsoportra vannak kidolgozott oktat\u00e1si seg\u00e9dletek (ovis, \u00e1ltal\u00e1nos iskola, 15-18 \u00e9ves koroszt\u00e1ly). A felhaszn\u00e1lhat\u00f3 anyagokat a csal\u00e1dok adj\u00e1k \u00f6ssze (parafa dug\u00f3k, kupakok, petpalackok, k\u00f6nyvek, cip\u0151k, wc pap\u00edr gurig\u00e1k, gombok, stb.). A gyerekek im\u00e1dj\u00e1k \u00e9s egy nagyon komoly REUSE szeml\u00e9lettel lesznek gazdagabbak. J\u00f3 hangulat\u00fa, nagyon klassz helyek voltak.<\/p>\n\n\n\n<figure class=\"wp-block-gallery has-nested-images columns-default is-cropped wp-block-gallery-5 is-layout-flex wp-block-gallery-is-layout-flex\">\n<figure class=\"wp-block-image size-large\"><img loading=\"lazy\" decoding=\"async\" width=\"640\" height=\"480\" data-id=\"6161\" src=\"https:\/\/www.kdriu.hu\/wp-content\/uploads\/2022\/04\/Marche_reuse_12.jpg\" alt=\"\" class=\"wp-image-6161\" srcset=\"https:\/\/www.kdriu.hu\/wp-content\/uploads\/2022\/04\/Marche_reuse_12.jpg 640w, https:\/\/www.kdriu.hu\/wp-content\/uploads\/2022\/04\/Marche_reuse_12-300x225.jpg 300w, https:\/\/www.kdriu.hu\/wp-content\/uploads\/2022\/04\/Marche_reuse_12-16x12.jpg 16w\" sizes=\"(max-width: 640px) 100vw, 640px\" \/><\/figure>\n\n\n\n<figure class=\"wp-block-image size-large\"><img loading=\"lazy\" decoding=\"async\" width=\"640\" height=\"480\" data-id=\"6160\" src=\"https:\/\/www.kdriu.hu\/wp-content\/uploads\/2022\/04\/Marche_reuse_13.jpg\" alt=\"\" class=\"wp-image-6160\" srcset=\"https:\/\/www.kdriu.hu\/wp-content\/uploads\/2022\/04\/Marche_reuse_13.jpg 640w, https:\/\/www.kdriu.hu\/wp-content\/uploads\/2022\/04\/Marche_reuse_13-300x225.jpg 300w, https:\/\/www.kdriu.hu\/wp-content\/uploads\/2022\/04\/Marche_reuse_13-16x12.jpg 16w\" sizes=\"(max-width: 640px) 100vw, 640px\" \/><\/figure>\n\n\n\n<figure class=\"wp-block-image size-large\"><img loading=\"lazy\" decoding=\"async\" width=\"640\" height=\"480\" data-id=\"6162\" src=\"https:\/\/www.kdriu.hu\/wp-content\/uploads\/2022\/04\/Marche_reuse_14.jpg\" alt=\"\" class=\"wp-image-6162\" srcset=\"https:\/\/www.kdriu.hu\/wp-content\/uploads\/2022\/04\/Marche_reuse_14.jpg 640w, https:\/\/www.kdriu.hu\/wp-content\/uploads\/2022\/04\/Marche_reuse_14-300x225.jpg 300w, https:\/\/www.kdriu.hu\/wp-content\/uploads\/2022\/04\/Marche_reuse_14-16x12.jpg 16w\" sizes=\"(max-width: 640px) 100vw, 640px\" \/><\/figure>\n\n\n\n<figure class=\"wp-block-image size-large\"><img loading=\"lazy\" decoding=\"async\" width=\"640\" height=\"480\" data-id=\"6159\" src=\"https:\/\/www.kdriu.hu\/wp-content\/uploads\/2022\/04\/Marche_reuse_15.jpg\" alt=\"\" class=\"wp-image-6159\" srcset=\"https:\/\/www.kdriu.hu\/wp-content\/uploads\/2022\/04\/Marche_reuse_15.jpg 640w, https:\/\/www.kdriu.hu\/wp-content\/uploads\/2022\/04\/Marche_reuse_15-300x225.jpg 300w, https:\/\/www.kdriu.hu\/wp-content\/uploads\/2022\/04\/Marche_reuse_15-16x12.jpg 16w\" sizes=\"(max-width: 640px) 100vw, 640px\" \/><\/figure>\n\n\n\n<figure class=\"wp-block-image size-large\"><img loading=\"lazy\" decoding=\"async\" width=\"480\" height=\"640\" data-id=\"6163\" src=\"https:\/\/www.kdriu.hu\/wp-content\/uploads\/2022\/04\/Marche_reuse_16.jpg\" alt=\"\" class=\"wp-image-6163\" srcset=\"https:\/\/www.kdriu.hu\/wp-content\/uploads\/2022\/04\/Marche_reuse_16.jpg 480w, https:\/\/www.kdriu.hu\/wp-content\/uploads\/2022\/04\/Marche_reuse_16-225x300.jpg 225w, https:\/\/www.kdriu.hu\/wp-content\/uploads\/2022\/04\/Marche_reuse_16-9x12.jpg 9w\" sizes=\"(max-width: 480px) 100vw, 480px\" \/><\/figure>\n<\/figure>","protected":false},"excerpt":{"rendered":"<p>M\u00e1rcius elej\u00e9n 2 napot t\u00f6lt\u00f6tt\u00fcnk el Ancona k\u00f6rny\u00e9k\u00e9n az olaszorsz\u00e1gi Marche r\u00e9gi\u00f3 k\u00f6zpontj\u00e1ban. L\u00e1togat\u00e1sunk az \u00fajrahaszn\u00e1lattal foglalkoz\u00f3 nemzetk\u00f6zi projekt\u00fcnk (2Lifes) keret\u00e9ben zajlott, megn\u00e9zt\u00fck, hogy olasz koll\u00e9g\u00e1ink milyen \u00faj \u00f6tleteket vezettek be a mindennapokba az \u00fajrahaszn\u00e1lat el\u0151seg\u00edt\u00e9se \u00e9rdek\u00e9ben. \u00daJRAHASZN\u00c1LHAT\u00d3 M\u0170ANYAG DOBOZOK A HAL\u00c1SZATBAN A hal\u00e1szok \u00e1ltal kor\u00e1bban haszn\u00e1lt polistirol m\u0171anyag dobozok az er\u0151s ig\u00e9nybev\u00e9tel miatt hamar [&hellip;]<\/p>\n","protected":false},"author":1,"featured_media":6167,"comment_status":"closed","ping_status":"open","sticky":false,"template":"","format":"standard","meta":{"site-sidebar-layout":"default","site-content-layout":"","ast-site-content-layout":"default","site-content-style":"default","site-sidebar-style":"default","ast-global-header-display":"","ast-banner-title-visibility":"","ast-main-header-display":"","ast-hfb-above-header-display":"","ast-hfb-below-header-display":"","ast-hfb-mobile-header-display":"","site-post-title":"","ast-breadcrumbs-content":"","ast-featured-img":"","footer-sml-layout":"","ast-disable-related-posts":"","theme-transparent-header-meta":"","adv-header-id-meta":"","stick-header-meta":"","header-above-stick-meta":"","header-main-stick-meta":"","header-below-stick-meta":"","astra-migrate-meta-layouts":"default","ast-page-background-enabled":"default","ast-page-background-meta":{"desktop":{"background-color":"","background-image":"","background-repeat":"repeat","background-position":"center center","background-size":"auto","background-attachment":"scroll","background-type":"","background-media":"","overlay-type":"","overlay-color":"","overlay-opacity":"","overlay-gradient":""},"tablet":{"background-color":"","background-image":"","background-repeat":"repeat","background-position":"center center","background-size":"auto","background-attachment":"scroll","background-type":"","background-media":"","overlay-type":"","overlay-color":"","overlay-opacity":"","overlay-gradient":""},"mobile":{"background-color":"","background-image":"","background-repeat":"repeat","background-position":"center center","background-size":"auto","background-attachment":"scroll","background-type":"","background-media":"","overlay-type":"","overlay-color":"","overlay-opacity":"","overlay-gradient":""}},"ast-content-background-meta":{"desktop":{"background-color":"var(--ast-global-color-5)","background-image":"","background-repeat":"repeat","background-position":"center center","background-size":"auto","background-attachment":"scroll","background-type":"","background-media":"","overlay-type":"","overlay-color":"","overlay-opacity":"","overlay-gradient":""},"tablet":{"background-color":"var(--ast-global-color-5)","background-image":"","background-repeat":"repeat","background-position":"center center","background-size":"auto","background-attachment":"scroll","background-type":"","background-media":"","overlay-type":"","overlay-color":"","overlay-opacity":"","overlay-gradient":""},"mobile":{"background-color":"var(--ast-global-color-5)","background-image":"","background-repeat":"repeat","background-position":"center center","background-size":"auto","background-attachment":"scroll","background-type":"","background-media":"","overlay-type":"","overlay-color":"","overlay-opacity":"","overlay-gradient":""}},"footnotes":""},"categories":[15],"tags":[],"class_list":["post-6125","post","type-post","status-publish","format-standard","has-post-thumbnail","hentry","category-zold"],"_links":{"self":[{"href":"https:\/\/www.kdriu.hu\/en\/wp-json\/wp\/v2\/posts\/6125","targetHints":{"allow":["GET"]}}],"collection":[{"href":"https:\/\/www.kdriu.hu\/en\/wp-json\/wp\/v2\/posts"}],"about":[{"href":"https:\/\/www.kdriu.hu\/en\/wp-json\/wp\/v2\/types\/post"}],"author":[{"embeddable":true,"href":"https:\/\/www.kdriu.hu\/en\/wp-json\/wp\/v2\/users\/1"}],"replies":[{"embeddable":true,"href":"https:\/\/www.kdriu.hu\/en\/wp-json\/wp\/v2\/comments?post=6125"}],"version-history":[{"count":12,"href":"https:\/\/www.kdriu.hu\/en\/wp-json\/wp\/v2\/posts\/6125\/revisions"}],"predecessor-version":[{"id":6165,"href":"https:\/\/www.kdriu.hu\/en\/wp-json\/wp\/v2\/posts\/6125\/revisions\/6165"}],"wp:featuredmedia":[{"embeddable":true,"href":"https:\/\/www.kdriu.hu\/en\/wp-json\/wp\/v2\/media\/6167"}],"wp:attachment":[{"href":"https:\/\/www.kdriu.hu\/en\/wp-json\/wp\/v2\/media?parent=6125"}],"wp:term":[{"taxonomy":"category","embeddable":true,"href":"https:\/\/www.kdriu.hu\/en\/wp-json\/wp\/v2\/categories?post=6125"},{"taxonomy":"post_tag","embeddable":true,"href":"https:\/\/www.kdriu.hu\/en\/wp-json\/wp\/v2\/tags?post=6125"}],"curies":[{"name":"wp","href":"https:\/\/api.w.org\/{rel}","templated":true}]}}