{"id":6312,"date":"2022-06-22T13:55:20","date_gmt":"2022-06-22T13:55:20","guid":{"rendered":"http:\/\/www.kdriu.hu\/?p=6312"},"modified":"2022-06-22T13:56:38","modified_gmt":"2022-06-22T13:56:38","slug":"sikeresen-lezajlott-a-hocare2-0-projekt-zaro-konferenciaja","status":"publish","type":"post","link":"https:\/\/www.kdriu.hu\/en\/sikeresen-lezajlott-a-hocare2-0-projekt-zaro-konferenciaja\/","title":{"rendered":"Sikeresen lezajlott a HoCare2.0 projekt z\u00e1r\u00f3 konferenci\u00e1ja"},"content":{"rendered":"<p>J\u00fanius 15-\u00e9n ker\u00fclt sor a HoCare2.0 projekt utols\u00f3 nyilv\u00e1nos rendezv\u00e9ny\u00e9re. T\u00f6bb mint 80 r\u00e9sztvev\u0151 \u00e9s el\u0151ad\u00f3 gy\u0171lt \u00f6ssze virtu\u00e1lisan, hogy egy d\u00e9lut\u00e1n sor\u00e1n megossz\u00e1k egym\u00e1ssal az eredm\u00e9nyeket \u00e9s betekint\u00e9st nyerjenek az otthon\u00e1pol\u00e1s ter\u00fclet\u00e9n alkalmazott k\u00f6z\u00f6s \u00e9rt\u00e9kalkot\u00e1s m\u00f3dszertan\u00e1ba.<\/p>\n\n\n\n<p>Heged\u0171s Istv\u00e1n a K\u00f6z\u00e9p-dun\u00e1nt\u00fali Region\u00e1lis Innov\u00e1ci\u00f3s \u00dcgyn\u00f6ks\u00e9g Nonprofit Kft. k\u00e9pviselet\u00e9ben a projekt \u00e1tfog\u00f3 koncepci\u00f3j\u00e1t mutatta be a hallgat\u00f3s\u00e1gnak, megjel\u00f6lve a f\u0151bb c\u00e9lokat, tev\u00e9kenys\u00e9geket \u00e9s eredm\u00e9nyeket. \u0150t n\u00e9gy el\u0151ad\u00f3 k\u00f6vette, akik bemutatt\u00e1k k\u00f6z\u00f6s \u00e9rt\u00e9kalkot\u00e1s ter\u00fclet\u00e9n szerzett tapasztalataikat, melyet saj\u00e1t term\u00e9keik szolg\u00e1ltat\u00e1saik fejleszt\u00e9se sor\u00e1n szereztek a HoCare2.0 projekt keret\u00e9ben: Evelin Krajnc \u00e9s Simona Brezar a Caretronic, d.o.o. k\u00e9pviselet\u00e9ben (Szlov\u00e9nia), Lorenzo Di Natale az IDEGO &#8211; Digit\u00e1lis Pszichol\u00f3gia r\u00e9sz\u00e9r\u0151l (Olaszorsz\u00e1g), Jan Schneider a Pr\u00e1gai 4. Szoci\u00e1lis Szolg\u00e1ltat\u00e1sok Int\u00e9zet\u00e9t\u0151l (Cseh K\u00f6zt\u00e1rsas\u00e1g), \u00e9s Ulrike Sobczak a Drezdai Egyetemi K\u00f3rh\u00e1zb\u00f3l, (N\u00e9metorsz\u00e1g). Katarzyna Ociepka-Mi\u0105sik, a lengyel Social Impact munkat\u00e1rsa ezt k\u00f6vet\u0151en a k\u00f6z\u00f6ns\u00e9gnek bemutatta a k\u00f6z\u00f6s-\u00e9rt\u00e9kalkot\u00e1s \u00e1ltal\u00e1nos szempontjait, el\u0151nyeit, kih\u00edv\u00e1sait, legfontosabb l\u00e9p\u00e9seit, valamint szociol\u00f3giai \u00f6sszef\u00fcgg\u00e9seit a mindennapi \u00e9let\u00fcnkben. A konferencia els\u0151 r\u00e9sz\u00e9t Katarzyna Kielanowska a Rzeszowi Region\u00e1lis Fejleszt\u00e9si \u00dcgyn\u00f6ks\u00e9gt\u0151l \u00e9s Magdalena Klimczyk a Malopolska r\u00e9gi\u00f3t\u00f3l (mindkett\u0151 Lengyelorsz\u00e1g) z\u00e1rta, akik a HoCare2.0 projekt sor\u00e1n megval\u00f3sult minta projektek legfontosabb tanuls\u00e1gait foglalt\u00e1k \u00f6ssze.<\/p>\n\n\n\n<figure class=\"wp-block-image aligncenter size-large is-resized\"><img fetchpriority=\"high\" decoding=\"async\" src=\"https:\/\/www.kdriu.hu\/wp-content\/uploads\/2022\/06\/HoCare2.0_Closing-conferemce_panel_discussion-1024x733.png\" alt=\"\" class=\"wp-image-6313\" width=\"677\" height=\"485\" srcset=\"https:\/\/www.kdriu.hu\/wp-content\/uploads\/2022\/06\/HoCare2.0_Closing-conferemce_panel_discussion-1024x733.png 1024w, https:\/\/www.kdriu.hu\/wp-content\/uploads\/2022\/06\/HoCare2.0_Closing-conferemce_panel_discussion-300x215.png 300w, https:\/\/www.kdriu.hu\/wp-content\/uploads\/2022\/06\/HoCare2.0_Closing-conferemce_panel_discussion-768x550.png 768w, https:\/\/www.kdriu.hu\/wp-content\/uploads\/2022\/06\/HoCare2.0_Closing-conferemce_panel_discussion-18x12.png 18w, https:\/\/www.kdriu.hu\/wp-content\/uploads\/2022\/06\/HoCare2.0_Closing-conferemce_panel_discussion.png 1437w\" sizes=\"(max-width: 677px) 100vw, 677px\" \/><\/figure>\n\n\n\n<p>A d\u00e9lut\u00e1n m\u00e1sodik r\u00e9sze a k\u00f6z\u00f6s-\u00e9rt\u00e9kalkot\u00e1snak \u00e9s annak j\u00f6v\u0151beli kil\u00e1t\u00e1saival kapcsolatos t\u00e9m\u00e1kr\u00f3l sz\u00f3l\u00f3 panelbesz\u00e9lget\u00e9snek volt szentelve. Heged\u0171s Istv\u00e1n \u00e9s Katarzyna Ociepka-Mi\u0105sik mellett Weigl Ferenc a magyarorsz\u00e1gi Orsz\u00e1gos K\u00f3rh\u00e1zi F\u0151igazgat\u00f3s\u00e1gt\u00f3l \u00e9s Matteo Donelli az olaszorsz\u00e1gi Cremonai Kereskedelmi Kamar\u00e1t\u00f3l cser\u00e9ltek v\u00e9lem\u00e9nyt olyan k\u00e9rd\u00e9sekr\u0151l, mint p\u00e9ld\u00e1ul &#8222;Milyen el\u0151nyei \u00e9s kih\u00edv\u00e1sai vannak a k\u00f6z\u00f6s-\u00e9rt\u00e9kalkot\u00e1snak az otthon\u00e1pol\u00e1s ter\u00fclet\u00e9n?&#8221; vagy &#8222;Mit aj\u00e1nlana a kkv-knak \u00e9s a k\u00f6zszolg\u00e1ltat\u00f3knak, akik \u00e9rdekl\u0151dnek a k\u00f6z\u00f6s \u00e9rt\u00e9kalkot\u00e1s ir\u00e1nt?&#8221;.<\/p>\n\n\n\n<p>Mivel a projekt a v\u00e9g\u00e9hez k\u00f6zeledik, az eg\u00e9sz konferencia alkalmat adott arra, hogy lez\u00e1r\u00e1sra \u00e9s \u00f6sszegz\u00e9sre ker\u00fcljenek a tev\u00e9kenys\u00e9gek, valamint hogy az el\u00e9rt eredm\u00e9nyek sz\u00e9les k\u00f6z\u00f6ns\u00e9g el\u0151tt is bemutat\u00e1sra ker\u00fcljenek. A konferencia sor\u00e1n sz\u00e1mos k\u00e9rd\u00e9s mer\u00fclt fel a r\u00e9sztvev\u0151k r\u00e9sz\u00e9r\u0151l, ami azt jelezte, hogy a k\u00f6z\u00f6s-\u00e9rt\u00e9kalkot\u00e1s, k\u00fcl\u00f6n\u00f6sen az otthon\u00e1pol\u00e1s ter\u00fclet\u00e9n, sokak sz\u00e1m\u00e1ra \u00e9rdekes t\u00e9ma. Katarzyna Ociepka-Ociepka-Mi\u0105sik kiemelte: &#8222;\u00dagy gondolom, hogy a konferencia \u00e9rt\u00e9kes volt, \u00e9s j\u00f3l bemutatta a k\u00f6z\u00f6s-\u00e9rt\u00e9kalkot\u00e1s gyakorlati szempontjait, ami mindig \u00e9rt\u00e9kes a hallgat\u00f3s\u00e1g sz\u00e1m\u00e1ra. Mindannyian olvashatunk k\u00f6nyveket a k\u00f6z\u00f6s-\u00e9rt\u00e9kalkot\u00e1sr\u00f3l, de ami a legink\u00e1bb sz\u00e1m\u00edt, az a gyakorlati tud\u00e1s&#8221;.<\/p>\n\n\n\n<p><strong>A HoCare2.0 projektr\u0151l<\/strong><\/p>\n\n\n\n<p>A projekt t\u00e1mogatja az \u00fcgyf\u00e9lk\u00f6zpont\u00fa otthoni \u00e1pol\u00e1si megold\u00e1sok megval\u00f3s\u00edt\u00e1s\u00e1t \u00e9s bevezet\u00e9s\u00e9t a k\u00f6z\u00f6s \u00e9rt\u00e9kalkot\u00e1s m\u00f3dszer\u00e9nek alkalmaz\u00e1s\u00e1val. A projektet az Interreg CENTRAL EUROPE program finansz\u00edrozza, \u00e9s 11 partner val\u00f3s\u00edtja meg a Cseh K\u00f6zt\u00e1rsas\u00e1gb\u00f3l, N\u00e9metorsz\u00e1gb\u00f3l, Magyarorsz\u00e1gr\u00f3l, Olaszorsz\u00e1gb\u00f3l, Lengyelorsz\u00e1gb\u00f3l, valamint Szlov\u00e9ni\u00e1b\u00f3l.<\/p>\n\n\n\n<p>A K\u00f6z\u00e9p-dun\u00e1nt\u00fali Region\u00e1lis Innov\u00e1ci\u00f3s \u00dcgyn\u00f6ks\u00e9g a projekt vezet\u0151partnerek\u00e9nt koordin\u00e1lja a nemzetk\u00f6zi \u00f6sszefog\u00e1st, valamint felel a magyarorsz\u00e1gi Kkv mintaprojekt megval\u00f3s\u00edt\u00e1s\u00e1\u00e9rt.<\/p>","protected":false},"excerpt":{"rendered":"<p>J\u00fanius 15-\u00e9n ker\u00fclt sor a HoCare2.0 projekt utols\u00f3 nyilv\u00e1nos rendezv\u00e9ny\u00e9re.<\/p>","protected":false},"author":1,"featured_media":2085,"comment_status":"closed","ping_status":"open","sticky":false,"template":"","format":"standard","meta":{"site-sidebar-layout":"default","site-content-layout":"","ast-site-content-layout":"default","site-content-style":"default","site-sidebar-style":"default","ast-global-header-display":"","ast-banner-title-visibility":"","ast-main-header-display":"","ast-hfb-above-header-display":"","ast-hfb-below-header-display":"","ast-hfb-mobile-header-display":"","site-post-title":"","ast-breadcrumbs-content":"","ast-featured-img":"","footer-sml-layout":"","ast-disable-related-posts":"","theme-transparent-header-meta":"","adv-header-id-meta":"","stick-header-meta":"","header-above-stick-meta":"","header-main-stick-meta":"","header-below-stick-meta":"","astra-migrate-meta-layouts":"default","ast-page-background-enabled":"default","ast-page-background-meta":{"desktop":{"background-color":"","background-image":"","background-repeat":"repeat","background-position":"center center","background-size":"auto","background-attachment":"scroll","background-type":"","background-media":"","overlay-type":"","overlay-color":"","overlay-opacity":"","overlay-gradient":""},"tablet":{"background-color":"","background-image":"","background-repeat":"repeat","background-position":"center center","background-size":"auto","background-attachment":"scroll","background-type":"","background-media":"","overlay-type":"","overlay-color":"","overlay-opacity":"","overlay-gradient":""},"mobile":{"background-color":"","background-image":"","background-repeat":"repeat","background-position":"center center","background-size":"auto","background-attachment":"scroll","background-type":"","background-media":"","overlay-type":"","overlay-color":"","overlay-opacity":"","overlay-gradient":""}},"ast-content-background-meta":{"desktop":{"background-color":"var(--ast-global-color-5)","background-image":"","background-repeat":"repeat","background-position":"center center","background-size":"auto","background-attachment":"scroll","background-type":"","background-media":"","overlay-type":"","overlay-color":"","overlay-opacity":"","overlay-gradient":""},"tablet":{"background-color":"var(--ast-global-color-5)","background-image":"","background-repeat":"repeat","background-position":"center center","background-size":"auto","background-attachment":"scroll","background-type":"","background-media":"","overlay-type":"","overlay-color":"","overlay-opacity":"","overlay-gradient":""},"mobile":{"background-color":"var(--ast-global-color-5)","background-image":"","background-repeat":"repeat","background-position":"center center","background-size":"auto","background-attachment":"scroll","background-type":"","background-media":"","overlay-type":"","overlay-color":"","overlay-opacity":"","overlay-gradient":""}},"footnotes":""},"categories":[9],"tags":[],"class_list":["post-6312","post","type-post","status-publish","format-standard","has-post-thumbnail","hentry","category-aktualis"],"_links":{"self":[{"href":"https:\/\/www.kdriu.hu\/en\/wp-json\/wp\/v2\/posts\/6312","targetHints":{"allow":["GET"]}}],"collection":[{"href":"https:\/\/www.kdriu.hu\/en\/wp-json\/wp\/v2\/posts"}],"about":[{"href":"https:\/\/www.kdriu.hu\/en\/wp-json\/wp\/v2\/types\/post"}],"author":[{"embeddable":true,"href":"https:\/\/www.kdriu.hu\/en\/wp-json\/wp\/v2\/users\/1"}],"replies":[{"embeddable":true,"href":"https:\/\/www.kdriu.hu\/en\/wp-json\/wp\/v2\/comments?post=6312"}],"version-history":[{"count":1,"href":"https:\/\/www.kdriu.hu\/en\/wp-json\/wp\/v2\/posts\/6312\/revisions"}],"predecessor-version":[{"id":6315,"href":"https:\/\/www.kdriu.hu\/en\/wp-json\/wp\/v2\/posts\/6312\/revisions\/6315"}],"wp:featuredmedia":[{"embeddable":true,"href":"https:\/\/www.kdriu.hu\/en\/wp-json\/wp\/v2\/media\/2085"}],"wp:attachment":[{"href":"https:\/\/www.kdriu.hu\/en\/wp-json\/wp\/v2\/media?parent=6312"}],"wp:term":[{"taxonomy":"category","embeddable":true,"href":"https:\/\/www.kdriu.hu\/en\/wp-json\/wp\/v2\/categories?post=6312"},{"taxonomy":"post_tag","embeddable":true,"href":"https:\/\/www.kdriu.hu\/en\/wp-json\/wp\/v2\/tags?post=6312"}],"curies":[{"name":"wp","href":"https:\/\/api.w.org\/{rel}","templated":true}]}}