{"id":7720,"date":"2023-06-15T08:00:00","date_gmt":"2023-06-15T08:00:00","guid":{"rendered":"https:\/\/www.kdriu.hu\/?p=7720"},"modified":"2023-06-14T21:11:33","modified_gmt":"2023-06-14T21:11:33","slug":"ebussed-sikeres-projektzaras-a-jobb-elektromos-buszkozlekedesert","status":"publish","type":"post","link":"https:\/\/www.kdriu.hu\/en\/ebussed-sikeres-projektzaras-a-jobb-elektromos-buszkozlekedesert\/","title":{"rendered":"eBussed: sikeres projektz\u00e1r\u00e1s a jobb elektromos buszk\u00f6zleked\u00e9s\u00e9rt"},"content":{"rendered":"<p><em><strong>Az elektromos buszk\u00f6zleked\u00e9s sz\u00e9lesk\u00f6r\u0171 eur\u00f3pai meghonos\u00edt\u00e1s\u00e1t c\u00e9lul kit\u0171z\u0151 eBussed Interreg Europe projekt n\u00e9gy \u00e9ven \u00e1t tart\u00f3 megval\u00f3s\u00edt\u00e1sa 2023. j\u00falius 31-\u00e9n z\u00e1rul. Jelen, egyben utols\u00f3 h\u00edrad\u00e1sunkban \u00e1ttekintj\u00fck 2023. m\u00e1jus-j\u00fanius legfontosabb esem\u00e9nyeit, valamint besz\u00e1molunk a projektben tervezett elektromos buszk\u00f6zleked\u00e9si fejleszt\u00e9sek megval\u00f3s\u00edt\u00e1s\u00e1r\u00f3l is.<\/strong><\/em><\/p>\n\n\n\n<p><strong>Olaszorsz\u00e1gi z\u00e1r\u00f3konferencia<\/strong><\/p>\n\n\n\n<p>Az eBussed projekt z\u00e1r\u00f3esem\u00e9nyeire 2023. m\u00e1jus 25-26-\u00e1n ker\u00fclt sor Livorn\u00f3ban. A mintegy 40 r\u00e9sztvev\u0151t sz\u00e1ml\u00e1l\u00f3 z\u00e1r\u00f3konferenci\u00e1n a D\u00e9l-Dun\u00e1nt\u00fali Region\u00e1lis Innov\u00e1ci\u00f3s \u00dcgyn\u00f6ks\u00e9g (DDRI\u00dc) bemutatta egy\u00fcttm\u0171k\u00f6d\u00e9s\u00e9nek eredm\u00e9nyeit a kaposv\u00e1ri, p\u00e9csi \u00e9s paksi helyi buszt\u00e1rsas\u00e1gokkal. Mivel az eBussed projekt megval\u00f3s\u00edt\u00e1sa \u00e9ppen egybeesett a h\u00e1rom v\u00e1ros buszflott\u00e1j\u00e1nak alacsony kibocs\u00e1t\u00e1s\u00fav\u00e1 t\u00f6rt\u00e9n\u0151 \u00e1talak\u00edt\u00e1s\u00e1val, \u00edgy a nemzetk\u00f6zi tapasztalatcsere az azzal egy\u00fctt j\u00e1r\u00f3 technol\u00f3giai, k\u00f6zbeszerz\u00e9si \u00e9s szeml\u00e9letv\u00e1lt\u00e1st egyar\u00e1nt ig\u00e9nyl\u0151 folyamatot hat\u00e9konyan t\u00e1mogatta.<\/p>\n\n\n\n<figure class=\"wp-block-image size-large\"><img fetchpriority=\"high\" decoding=\"async\" width=\"1024\" height=\"768\" src=\"https:\/\/www.kdriu.hu\/wp-content\/uploads\/2023\/06\/IMG_20230525_095125-1024x768.jpg\" alt=\"\" class=\"wp-image-7722\" srcset=\"https:\/\/www.kdriu.hu\/wp-content\/uploads\/2023\/06\/IMG_20230525_095125-1024x768.jpg 1024w, https:\/\/www.kdriu.hu\/wp-content\/uploads\/2023\/06\/IMG_20230525_095125-300x225.jpg 300w, https:\/\/www.kdriu.hu\/wp-content\/uploads\/2023\/06\/IMG_20230525_095125-768x576.jpg 768w, https:\/\/www.kdriu.hu\/wp-content\/uploads\/2023\/06\/IMG_20230525_095125-1536x1152.jpg 1536w, https:\/\/www.kdriu.hu\/wp-content\/uploads\/2023\/06\/IMG_20230525_095125-2048x1536.jpg 2048w, https:\/\/www.kdriu.hu\/wp-content\/uploads\/2023\/06\/IMG_20230525_095125-16x12.jpg 16w\" sizes=\"(max-width: 1024px) 100vw, 1024px\" \/><\/figure>\n\n\n\n<p>A projektz\u00e1r\u00e1s minden esetben j\u00f3 alkalom a helyi elektromos buszk\u00f6zleked\u00e9si j\u00f3 gyakorlatok megismer\u00e9s\u00e9re is. J\u00f3llehet a toszk\u00e1nai t\u00f6megk\u00f6zleked\u00e9si szolg\u00e1ltat\u00f3, az Autolinee Toscane m\u00e9g nem kezdte meg d\u00edzelflott\u00e1j\u00e1nak elektromoss\u00e1 t\u00f6rt\u00e9n\u0151 \u00e1talak\u00edt\u00e1s\u00e1t, m\u00e9gis firenzei telephely\u00e9nek bemutat\u00e1sa sor\u00e1n sz\u00e1mos fontos szempontot osztott meg, amelyeket egy ilyen \u00e1tmenetet megel\u0151z\u0151en m\u00e9rlegelni sz\u00fcks\u00e9ges.<\/p>\n\n\n\n<figure class=\"wp-block-image size-large\"><img decoding=\"async\" width=\"1024\" height=\"768\" src=\"https:\/\/www.kdriu.hu\/wp-content\/uploads\/2023\/06\/IMG_20230526_121757-1024x768.jpg\" alt=\"\" class=\"wp-image-7721\" srcset=\"https:\/\/www.kdriu.hu\/wp-content\/uploads\/2023\/06\/IMG_20230526_121757-1024x768.jpg 1024w, https:\/\/www.kdriu.hu\/wp-content\/uploads\/2023\/06\/IMG_20230526_121757-300x225.jpg 300w, https:\/\/www.kdriu.hu\/wp-content\/uploads\/2023\/06\/IMG_20230526_121757-768x576.jpg 768w, https:\/\/www.kdriu.hu\/wp-content\/uploads\/2023\/06\/IMG_20230526_121757-1536x1152.jpg 1536w, https:\/\/www.kdriu.hu\/wp-content\/uploads\/2023\/06\/IMG_20230526_121757-2048x1536.jpg 2048w, https:\/\/www.kdriu.hu\/wp-content\/uploads\/2023\/06\/IMG_20230526_121757-16x12.jpg 16w\" sizes=\"(max-width: 1024px) 100vw, 1024px\" \/><\/figure>\n\n\n\n<p><strong>Digitaliz\u00e1ci\u00f3 \u00e9s \u00fajfajta elektromos t\u00f6lt\u00e9si megold\u00e1sok<\/strong><\/p>\n\n\n\n<p>Az eBussed projekt keret\u00e9ben a DDRI\u00dc az Integr\u00e1lt K\u00f6zleked\u00e9s Operat\u00edv Program Plusz Ir\u00e1ny\u00edt\u00f3 Hat\u00f3s\u00e1g\u00e1val egy\u00fctt dolgozta ki a magyar eBussed akci\u00f3tervet, amely az elektromos buszok vonatkoz\u00e1s\u00e1ban a digitaliz\u00e1ci\u00f3 lehets\u00e9ges ter\u00fcleteit, illetve a megszokott\u00f3l elt\u00e9r\u0151 t\u00f6lt\u00e9si lehet\u0151s\u00e9geket vette sz\u00e1mba \u2013 majd k\u00eds\u00e9rleti jelleggel tesztelte is azokat. A hazai eBussed akci\u00f3terv a K\u00f6z\u00e9p-Duna Menti Kiemelt T\u00e9rs\u00e9gre (KDMKT) koncentr\u00e1lt, megval\u00f3s\u00edt\u00e1sa pedig szoros egy\u00fcttm\u0171k\u00f6d\u00e9sben a K\u00f6z\u00e9p-Duna Menti Fejleszt\u00e9si \u00dcgyn\u00f6ks\u00e9ggel 2023. j\u00faniusban fejez\u0151dik be.<\/p>\n\n\n\n<p>A digitaliz\u00e1ci\u00f3 kapcs\u00e1n a Pakson m\u00e1r m\u0171k\u00f6d\u0151 v\u00e1rosk\u00e1rtya rendszert javasoltuk az utassz\u00e1m \u00e9s a szolg\u00e1ltat\u00e1s ir\u00e1nti ig\u00e9nyek jobb meghat\u00e1roz\u00e1s\u00e1ra. Ugyanez a c\u00e9l pontosabban, de dr\u00e1g\u00e1bban megoldhat\u00f3 a fel- \u00e9s lesz\u00e1ll\u00e1si utassz\u00e1ml\u00e1l\u00f3k haszn\u00e1lat\u00e1val. Ez azonban a KDMKT ter\u00fclet\u00e9n nem szerepel a tervek k\u00f6z\u00f6tt, csak\u00fagy, mint az alternat\u00edv j\u00e1rm\u0171hajt\u00e1s technikusok vagy a korszer\u0171 ismeretekkel-szakmai gyakorlattal b\u00edr\u00f3 buszsof\u0151r\u00f6k k\u00e9pz\u00e9s\u00e9nek digit\u00e1lis t\u00e1mogat\u00e1sa sem.<\/p>\n\n\n\n<p>A szakemberek a jelenlegi telephelyi t\u00f6lt\u00e9s helyett a tov\u00e1bbi megold\u00e1sokat is figyelembe vettek (\u00e1ramszed\u0151vel t\u00f6rt\u00e9n\u0151 t\u00f6lt\u00e9s, t\u00f6lt\u00e9s a busz\u00f6b\u00f6lben, az adott buszj\u00e1rat v\u00e9g\u00e1llom\u00e1s\u00e1n t\u00f6rt\u00e9n\u0151 t\u00f6lt\u00e9s, stb.). Tekintettel azonban a KDMKT ter\u00fclet\u00e9n az egyen- \u00e9s v\u00e1lt\u00f3\u00e1ram\u00fa t\u00f6lt\u0151k alacsony sz\u00e1m\u00e1ra, a javaslat a telephelyi \u00e9s a v\u00e9g\u00e1llom\u00e1son val\u00f3 t\u00f6lt\u00e9st r\u00e9szes\u00edtette el\u0151nyben. Ut\u00f3bbi kapcs\u00e1n felvetette a t\u00f6lt\u0151infrastrukt\u00fara k\u00f6z- \u00e9s r\u00e9szben mag\u00e1nc\u00e9l\u00fa haszn\u00e1lat\u00e1t is.<\/p>\n\n\n\n<p>Az eBussed projektr\u0151l, illetve annak tov\u00e1bbi eredm\u00e9nyeir\u0151l b\u0151vebben a <a href=\"https:\/\/projects2014-2020.interregeurope.eu\/ebussed\/\" target=\"_blank\" rel=\"noopener\">https:\/\/projects2014-2020.interregeurope.eu\/ebussed\/<\/a> honlapon olvashatnak.<\/p>\n\n\n\n<figure class=\"wp-block-image aligncenter size-large is-resized\"><img decoding=\"async\" src=\"https:\/\/www.kdriu.hu\/wp-content\/uploads\/2022\/10\/eBussed_EU_FLAG-3-1024x732.jpg\" alt=\"\" class=\"wp-image-7192\" width=\"315\" height=\"225\" srcset=\"https:\/\/www.kdriu.hu\/wp-content\/uploads\/2022\/10\/eBussed_EU_FLAG-3-1024x732.jpg 1024w, https:\/\/www.kdriu.hu\/wp-content\/uploads\/2022\/10\/eBussed_EU_FLAG-3-300x214.jpg 300w, https:\/\/www.kdriu.hu\/wp-content\/uploads\/2022\/10\/eBussed_EU_FLAG-3-768x549.jpg 768w, https:\/\/www.kdriu.hu\/wp-content\/uploads\/2022\/10\/eBussed_EU_FLAG-3-1536x1098.jpg 1536w, https:\/\/www.kdriu.hu\/wp-content\/uploads\/2022\/10\/eBussed_EU_FLAG-3-18x12.jpg 18w, https:\/\/www.kdriu.hu\/wp-content\/uploads\/2022\/10\/eBussed_EU_FLAG-3.jpg 1654w\" sizes=\"(max-width: 315px) 100vw, 315px\" \/><\/figure>\n\n\n\n<p class=\"has-text-align-center\">Az eBussed projekt az Eur\u00f3pai Region\u00e1lis Fejleszt\u00e9si Alap \u00e9s Magyarorsz\u00e1g t\u00e1rsfinansz\u00edroz\u00e1s\u00e1val val\u00f3sul meg az Interreg Europe program keret\u00e9ben.<\/p>","protected":false},"excerpt":{"rendered":"<p>Az elektromos buszk\u00f6zleked\u00e9s sz\u00e9lesk\u00f6r\u0171 eur\u00f3pai meghonos\u00edt\u00e1s\u00e1t c\u00e9lul kit\u0171z\u0151 eBussed Interreg Europe projekt n\u00e9gy \u00e9ven \u00e1t tart\u00f3 megval\u00f3s\u00edt\u00e1sa 2023. j\u00falius 31-\u00e9n z\u00e1rul. <\/p>","protected":false},"author":1,"featured_media":7193,"comment_status":"closed","ping_status":"open","sticky":false,"template":"","format":"standard","meta":{"site-sidebar-layout":"default","site-content-layout":"","ast-site-content-layout":"default","site-content-style":"default","site-sidebar-style":"default","ast-global-header-display":"","ast-banner-title-visibility":"","ast-main-header-display":"","ast-hfb-above-header-display":"","ast-hfb-below-header-display":"","ast-hfb-mobile-header-display":"","site-post-title":"","ast-breadcrumbs-content":"","ast-featured-img":"","footer-sml-layout":"","ast-disable-related-posts":"","theme-transparent-header-meta":"","adv-header-id-meta":"","stick-header-meta":"","header-above-stick-meta":"","header-main-stick-meta":"","header-below-stick-meta":"","astra-migrate-meta-layouts":"default","ast-page-background-enabled":"default","ast-page-background-meta":{"desktop":{"background-color":"","background-image":"","background-repeat":"repeat","background-position":"center center","background-size":"auto","background-attachment":"scroll","background-type":"","background-media":"","overlay-type":"","overlay-color":"","overlay-opacity":"","overlay-gradient":""},"tablet":{"background-color":"","background-image":"","background-repeat":"repeat","background-position":"center center","background-size":"auto","background-attachment":"scroll","background-type":"","background-media":"","overlay-type":"","overlay-color":"","overlay-opacity":"","overlay-gradient":""},"mobile":{"background-color":"","background-image":"","background-repeat":"repeat","background-position":"center center","background-size":"auto","background-attachment":"scroll","background-type":"","background-media":"","overlay-type":"","overlay-color":"","overlay-opacity":"","overlay-gradient":""}},"ast-content-background-meta":{"desktop":{"background-color":"var(--ast-global-color-5)","background-image":"","background-repeat":"repeat","background-position":"center center","background-size":"auto","background-attachment":"scroll","background-type":"","background-media":"","overlay-type":"","overlay-color":"","overlay-opacity":"","overlay-gradient":""},"tablet":{"background-color":"var(--ast-global-color-5)","background-image":"","background-repeat":"repeat","background-position":"center center","background-size":"auto","background-attachment":"scroll","background-type":"","background-media":"","overlay-type":"","overlay-color":"","overlay-opacity":"","overlay-gradient":""},"mobile":{"background-color":"var(--ast-global-color-5)","background-image":"","background-repeat":"repeat","background-position":"center center","background-size":"auto","background-attachment":"scroll","background-type":"","background-media":"","overlay-type":"","overlay-color":"","overlay-opacity":"","overlay-gradient":""}},"footnotes":""},"categories":[18],"tags":[],"class_list":["post-7720","post","type-post","status-publish","format-standard","has-post-thumbnail","hentry","category-partnereink-hirei"],"_links":{"self":[{"href":"https:\/\/www.kdriu.hu\/en\/wp-json\/wp\/v2\/posts\/7720","targetHints":{"allow":["GET"]}}],"collection":[{"href":"https:\/\/www.kdriu.hu\/en\/wp-json\/wp\/v2\/posts"}],"about":[{"href":"https:\/\/www.kdriu.hu\/en\/wp-json\/wp\/v2\/types\/post"}],"author":[{"embeddable":true,"href":"https:\/\/www.kdriu.hu\/en\/wp-json\/wp\/v2\/users\/1"}],"replies":[{"embeddable":true,"href":"https:\/\/www.kdriu.hu\/en\/wp-json\/wp\/v2\/comments?post=7720"}],"version-history":[{"count":1,"href":"https:\/\/www.kdriu.hu\/en\/wp-json\/wp\/v2\/posts\/7720\/revisions"}],"predecessor-version":[{"id":7723,"href":"https:\/\/www.kdriu.hu\/en\/wp-json\/wp\/v2\/posts\/7720\/revisions\/7723"}],"wp:featuredmedia":[{"embeddable":true,"href":"https:\/\/www.kdriu.hu\/en\/wp-json\/wp\/v2\/media\/7193"}],"wp:attachment":[{"href":"https:\/\/www.kdriu.hu\/en\/wp-json\/wp\/v2\/media?parent=7720"}],"wp:term":[{"taxonomy":"category","embeddable":true,"href":"https:\/\/www.kdriu.hu\/en\/wp-json\/wp\/v2\/categories?post=7720"},{"taxonomy":"post_tag","embeddable":true,"href":"https:\/\/www.kdriu.hu\/en\/wp-json\/wp\/v2\/tags?post=7720"}],"curies":[{"name":"wp","href":"https:\/\/api.w.org\/{rel}","templated":true}]}}