{"id":9027,"date":"2024-02-28T17:03:00","date_gmt":"2024-02-28T17:03:00","guid":{"rendered":"https:\/\/www.kdriu.hu\/?p=9027"},"modified":"2024-02-29T07:05:59","modified_gmt":"2024-02-29T07:05:59","slug":"helyi-energiatermeles-es-zold-kozlekedes-promoter-jo-gyakorlatok","status":"publish","type":"post","link":"https:\/\/www.kdriu.hu\/en\/helyi-energiatermeles-es-zold-kozlekedes-promoter-jo-gyakorlatok\/","title":{"rendered":"Local energy production and green transport \u2013 PROMOTER Good Practices"},"content":{"rendered":"<p>The PROMOTER Interreg Europe project conducts an international exchange of experience in order to promote the greening of transport in the affected settlements and regions. This serves as well the spread of green intermodality, in close relation with the locally produced energy and the local energy consumption of that.<\/p>\n\n\n\n<p>In accordence with the above, STRIA Nonprofit Ltd. convened the 2nd online stakeholder meeting of the project on 27 February 2024. The following good practices were presented at the event:<\/p>\n\n\n\n<p>In accordence with the above, STRIA Nonprofit Ltd. convened the 2nd online stakeholder meeting of the project on 27 February 2024. The following good practices were presented at the event:<\/p>\n\n\n\n<ul class=\"wp-block-list\">\n<li>From Hungary:\n<ul class=\"wp-block-list\">\n<li>Establishment and operation of an energy community in Erzs\u00e9betv\u00e1ros,<\/li>\n\n\n\n<li>Promoting the spread of electromobility and sustainable transport solutions in the Central Danube Priority Area,<\/li>\n\n\n\n<li>Provision of local public transport entirely with electric buses \u2013 firstly in Hungary at Paks,<\/li>\n\n\n\n<li>P\u00c9CSIKE \u2013 the public e-bike;<\/li>\n<\/ul>\n<\/li>\n\n\n\n<li>From Finland:\n<ul class=\"wp-block-list\">\n<li>Keulink &amp; e-trucks.fi \u2013 Ecosystem for converted e-trucks,<\/li>\n\n\n\n<li>Kangas area \u2013 Smart urban design,<\/li>\n\n\n\n<li>Regional transport planning,<\/li>\n\n\n\n<li>Biogas ecosystem,<\/li>\n\n\n\n<li>Public transport in Jyv\u00e4skyl\u00e4,<\/li>\n\n\n\n<li>Promotion of cycling in regional planning,<\/li>\n\n\n\n<li>Public use of city cars in Jyv\u00e4skyl\u00e4,<\/li>\n\n\n\n<li>Regional Spatial Planning Plan and wind energy;<\/li>\n<\/ul>\n<\/li>\n\n\n\n<li>From Portugal:\n<ul class=\"wp-block-list\">\n<li>SMILE (Sintra Motion and Innovation for Low Emission) project,<\/li>\n\n\n\n<li>project I4efficiency,<\/li>\n\n\n\n<li>Green Blue axis.<\/li>\n<\/ul>\n<\/li>\n<\/ul>\n\n\n\n<figure class=\"wp-block-image size-full\"><img fetchpriority=\"high\" decoding=\"async\" width=\"605\" height=\"340\" src=\"https:\/\/www.kdriu.hu\/wp-content\/uploads\/2024\/02\/Kep2-Cikk_HU-es-EN_2024.02.27.png\" alt=\"\" class=\"wp-image-9029\" srcset=\"https:\/\/www.kdriu.hu\/wp-content\/uploads\/2024\/02\/Kep2-Cikk_HU-es-EN_2024.02.27.png 605w, https:\/\/www.kdriu.hu\/wp-content\/uploads\/2024\/02\/Kep2-Cikk_HU-es-EN_2024.02.27-300x169.png 300w, https:\/\/www.kdriu.hu\/wp-content\/uploads\/2024\/02\/Kep2-Cikk_HU-es-EN_2024.02.27-18x10.png 18w\" sizes=\"(max-width: 605px) 100vw, 605px\" \/><\/figure>\n\n\n\n<p>After the stakeholder meeting, the study tour period of PROMOTER project also begins. The first will take place in March 2024 in Portugal, while the second will take place in April 2024 in Finland.<\/p>\n\n\n\n<figure class=\"wp-block-image size-full\"><img decoding=\"async\" width=\"605\" height=\"340\" src=\"https:\/\/www.kdriu.hu\/wp-content\/uploads\/2024\/02\/Kep3-Cikk_HU-es-EN_2024.02.27.png\" alt=\"\" class=\"wp-image-9030\" srcset=\"https:\/\/www.kdriu.hu\/wp-content\/uploads\/2024\/02\/Kep3-Cikk_HU-es-EN_2024.02.27.png 605w, https:\/\/www.kdriu.hu\/wp-content\/uploads\/2024\/02\/Kep3-Cikk_HU-es-EN_2024.02.27-300x169.png 300w, https:\/\/www.kdriu.hu\/wp-content\/uploads\/2024\/02\/Kep3-Cikk_HU-es-EN_2024.02.27-18x10.png 18w\" sizes=\"(max-width: 605px) 100vw, 605px\" \/><\/figure>\n\n\n\n<p>The PROMOTER project is co-financed by the European Regional Development Fund and Hungary within the Interreg Europe Programme.<\/p>","protected":false},"excerpt":{"rendered":"<p>A PROMOTER Interreg Eur\u00f3pa projekt nemzetk\u00f6zi tapasztalatcser\u00e9t folytat az\u00e9rt, hogy a helyben termelt energia, a helyi energiafogyaszt\u00e1s mellett el\u0151seg\u00edtse az \u00e9rintett telep\u00fcl\u00e9sek, t\u00e9rs\u00e9gek k\u00f6zleked\u00e9s\u00e9nek z\u00f6ld\u00edt\u00e9s\u00e9t, \u00e9s a z\u00f6ld intermodalit\u00e1s elterjed\u00e9s\u00e9t. A DDRI\u00dc Nonprofit Kft. a fentiek szellem\u00e9ben h\u00edvta \u00f6ssze a projekt 2. online stakeholder egyeztet\u00e9s\u00e9t 2024. febru\u00e1r 27-\u00e9re. Az esem\u00e9nyen az al\u00e1bbi j\u00f3 gyakorlatok bemutat\u00e1s\u00e1ra [&hellip;]<\/p>\n","protected":false},"author":1,"featured_media":9028,"comment_status":"closed","ping_status":"open","sticky":false,"template":"","format":"standard","meta":{"site-sidebar-layout":"default","site-content-layout":"","ast-site-content-layout":"default","site-content-style":"default","site-sidebar-style":"default","ast-global-header-display":"","ast-banner-title-visibility":"","ast-main-header-display":"","ast-hfb-above-header-display":"","ast-hfb-below-header-display":"","ast-hfb-mobile-header-display":"","site-post-title":"","ast-breadcrumbs-content":"","ast-featured-img":"","footer-sml-layout":"","ast-disable-related-posts":"","theme-transparent-header-meta":"","adv-header-id-meta":"","stick-header-meta":"","header-above-stick-meta":"","header-main-stick-meta":"","header-below-stick-meta":"","astra-migrate-meta-layouts":"set","ast-page-background-enabled":"default","ast-page-background-meta":{"desktop":{"background-color":"","background-image":"","background-repeat":"repeat","background-position":"center center","background-size":"auto","background-attachment":"scroll","background-type":"","background-media":"","overlay-type":"","overlay-color":"","overlay-opacity":"","overlay-gradient":""},"tablet":{"background-color":"","background-image":"","background-repeat":"repeat","background-position":"center center","background-size":"auto","background-attachment":"scroll","background-type":"","background-media":"","overlay-type":"","overlay-color":"","overlay-opacity":"","overlay-gradient":""},"mobile":{"background-color":"","background-image":"","background-repeat":"repeat","background-position":"center center","background-size":"auto","background-attachment":"scroll","background-type":"","background-media":"","overlay-type":"","overlay-color":"","overlay-opacity":"","overlay-gradient":""}},"ast-content-background-meta":{"desktop":{"background-color":"var(--ast-global-color-5)","background-image":"","background-repeat":"repeat","background-position":"center center","background-size":"auto","background-attachment":"scroll","background-type":"","background-media":"","overlay-type":"","overlay-color":"","overlay-opacity":"","overlay-gradient":""},"tablet":{"background-color":"var(--ast-global-color-5)","background-image":"","background-repeat":"repeat","background-position":"center center","background-size":"auto","background-attachment":"scroll","background-type":"","background-media":"","overlay-type":"","overlay-color":"","overlay-opacity":"","overlay-gradient":""},"mobile":{"background-color":"var(--ast-global-color-5)","background-image":"","background-repeat":"repeat","background-position":"center center","background-size":"auto","background-attachment":"scroll","background-type":"","background-media":"","overlay-type":"","overlay-color":"","overlay-opacity":"","overlay-gradient":""}},"footnotes":""},"categories":[18],"tags":[],"class_list":["post-9027","post","type-post","status-publish","format-standard","has-post-thumbnail","hentry","category-partnereink-hirei"],"_links":{"self":[{"href":"https:\/\/www.kdriu.hu\/en\/wp-json\/wp\/v2\/posts\/9027","targetHints":{"allow":["GET"]}}],"collection":[{"href":"https:\/\/www.kdriu.hu\/en\/wp-json\/wp\/v2\/posts"}],"about":[{"href":"https:\/\/www.kdriu.hu\/en\/wp-json\/wp\/v2\/types\/post"}],"author":[{"embeddable":true,"href":"https:\/\/www.kdriu.hu\/en\/wp-json\/wp\/v2\/users\/1"}],"replies":[{"embeddable":true,"href":"https:\/\/www.kdriu.hu\/en\/wp-json\/wp\/v2\/comments?post=9027"}],"version-history":[{"count":1,"href":"https:\/\/www.kdriu.hu\/en\/wp-json\/wp\/v2\/posts\/9027\/revisions"}],"predecessor-version":[{"id":9031,"href":"https:\/\/www.kdriu.hu\/en\/wp-json\/wp\/v2\/posts\/9027\/revisions\/9031"}],"wp:featuredmedia":[{"embeddable":true,"href":"https:\/\/www.kdriu.hu\/en\/wp-json\/wp\/v2\/media\/9028"}],"wp:attachment":[{"href":"https:\/\/www.kdriu.hu\/en\/wp-json\/wp\/v2\/media?parent=9027"}],"wp:term":[{"taxonomy":"category","embeddable":true,"href":"https:\/\/www.kdriu.hu\/en\/wp-json\/wp\/v2\/categories?post=9027"},{"taxonomy":"post_tag","embeddable":true,"href":"https:\/\/www.kdriu.hu\/en\/wp-json\/wp\/v2\/tags?post=9027"}],"curies":[{"name":"wp","href":"https:\/\/api.w.org\/{rel}","templated":true}]}}