{"id":9344,"date":"2024-10-09T11:32:10","date_gmt":"2024-10-09T11:32:10","guid":{"rendered":"https:\/\/www.kdriu.hu\/?p=9344"},"modified":"2024-10-09T11:32:51","modified_gmt":"2024-10-09T11:32:51","slug":"nis2-kiberbiztonsagi-innovacios-workshop","status":"publish","type":"post","link":"https:\/\/www.kdriu.hu\/en\/nis2-kiberbiztonsagi-innovacios-workshop\/","title":{"rendered":"NIS2 Kiberbiztons\u00e1gi Innov\u00e1ci\u00f3s Workshop"},"content":{"rendered":"<h3 class=\"wp-block-heading\">Digit\u00e1lis v\u00e9delem \u00e9s innov\u00e1ci\u00f3: \u00faj kih\u00edv\u00e1sok \u00e9s megold\u00e1sok<\/h3>\n\n\n\n<p>A Veszpr\u00e9m V\u00e1rmegyei Kereskedelmi \u00e9s Iparkamara a K\u00f6z\u00e9p-dun\u00e1nt\u00fali Region\u00e1lis Innov\u00e1ci\u00f3s \u00dcgyn\u00f6ks\u00e9g k\u00f6zrem\u0171k\u00f6d\u00e9s\u00e9vel innov\u00e1ci\u00f3s workshopot szervez NIS2, kiberbiztons\u00e1g, ipari digitaliz\u00e1ci\u00f3, mesters\u00e9ges intelligencia \u00e9s blokkl\u00e1nc t\u00e9mak\u00f6r\u00f6kben v\u00e1llalkoz\u00e1sok r\u00e9sz\u00e9re.<\/p>\n\n\n\n<p><strong>K\u00e9szen \u00e1ll&nbsp;a digit\u00e1lis vil\u00e1g \u00faj kih\u00edv\u00e1saira?<\/strong>&nbsp;A technol\u00f3giai fejl\u0151d\u00e9s soha nem l\u00e1tott sebess\u00e9ggel halad el\u0151re, \u00e9s ezzel egy\u00fctt a kiberbiztons\u00e1gi fenyeget\u00e9sek is egyre \u00f6sszetettebbek. A digit\u00e1lis transzform\u00e1ci\u00f3 nem csak lehet\u0151s\u00e9geket teremt, hanem \u00faj t\u00edpus\u00fa vesz\u00e9lyeket is mag\u00e1val hoz, amelyekre minden v\u00e1llalkoz\u00e1snak fel kell k\u00e9sz\u00fclnie.<\/p>\n\n\n\n<p>A rendezv\u00e9nyen betekint\u00e9st ny\u00fajtunk a NIS2 ir\u00e1nyelv \u00e1ltal meghat\u00e1rozott kiberbiztons\u00e1gi szab\u00e1lyoz\u00e1sokba \u00e9s bemutatjuk, milyen t\u00f6rv\u00e9nyi k\u00f6telezetts\u00e9gek v\u00e1rnak a v\u00e1llalatokra \u00e9s szervezetekre a biztons\u00e1gos m\u0171k\u00f6d\u00e9s \u00e9rdek\u00e9ben.<\/p>\n\n\n\n<p>Emellett a digitaliz\u00e1ci\u00f3 \u00e9s a kiberbiztons\u00e1g \u00f6sszefon\u00f3d\u00e1s\u00e1t is megismerhetik a r\u00e9sztvev\u0151k, valamint b\u0151v\u00edthetik&nbsp;ismereteiket&nbsp;arr\u00f3l, hogyan form\u00e1lj\u00e1k a hiteles adatok, a mesters\u00e9ges intelligencia \u00e9s a blokkl\u00e1nc technol\u00f3gi\u00e1k a j\u00f6v\u0151nket.<\/p>\n\n\n\n<p>Mik\u00e9nt birk\u00f3zunk meg a hiteless\u00e9g \u00e9s a biztons\u00e1g k\u00e9rd\u00e9seivel egy folyamatosan fejl\u0151d\u0151 digit\u00e1lis vil\u00e1gban?&nbsp;<strong>Fedezze&nbsp;fel, hogyan alak\u00edtja \u00e1t a j\u00f6v\u0151t a digit\u00e1lis vil\u00e1g, \u00e9s hogyan seg\u00edthet a DigitalTech EDIH a kis- \u00e9s k\u00f6z\u00e9pv\u00e1llalkoz\u00e1soknak a siker el\u00e9r\u00e9s\u00e9ben!<\/strong><\/p>\n\n\n\n<p><strong>ID\u0150PONT:<\/strong><\/p>\n\n\n\n<p><strong>2024. okt\u00f3ber 22.<\/strong><br>Kedd, 10:00-12:30<\/p>\n\n\n\n<p><strong>HELYSZ\u00cdN:<\/strong><\/p>\n\n\n\n<p><strong>Veszpr\u00e9m V\u00e1rmegyei Kereskedelmi \u00e9s Iparkamara<\/strong><br>Veszpr\u00e9m, Radn\u00f3ti t\u00e9r 1.<\/p>\n\n\n\n<p><strong>PROGRAM:<\/strong><\/p>\n\n\n\n<figure class=\"wp-block-table\"><table class=\"has-fixed-layout\"><tbody><tr><td>09:30<\/td><td>\u00c9rkez\u00e9s, regisztr\u00e1ci\u00f3<\/td><\/tr><tr><td>10:00<\/td><td>K\u00f6sz\u00f6nt\u0151<\/td><\/tr><tr><td>10:05<\/td><td><strong>Hogyan seg\u00edthet a Digitaltech EDIH a KKV szektornak?<\/strong><em>El\u0151ad\u00f3:<\/em><br>Varg\u00e1n\u00e9 Dr. G\u00e1licz Ivett, projektkoordin\u00e1tor, K\u00f6z\u00e9p-dun\u00e1nt\u00fali Region\u00e1lis Innov\u00e1ci\u00f3s \u00dcgyn\u00f6ks\u00e9g<\/td><\/tr><tr><td>10:15<\/td><td><strong>A NIS2 ir\u00e1nyelv f\u0151bb k\u00f6vetelm\u00e9nyei, gyakorlati alkalmaz\u00e1sa, p\u00e9ld\u00e1k, esettanulm\u00e1nyok<\/strong>F\u0151bb t\u00e9m\u00e1k:NIS2 ir\u00e1nyelv c\u00e9ljakiberbiztons\u00e1gi int\u00e9zked\u00e9sek, kock\u00e1zatok kezel\u00e9seincidenskezel\u00e9s, jelent\u00e9st\u00e9telellen\u0151rz\u00e9s, audit\u00e1l\u00e1s, jelent\u00e9si rendszerekk\u00e9pz\u00e9s, tudatoss\u00e1g n\u00f6vel\u00e9sesikeres implement\u00e1ci\u00f3k, esetleges hib\u00e1k<em>El\u0151ad\u00f3:<\/em><br>Gilincsek Szabolcs \u00fcgyvezet\u0151, kiberbiztons\u00e1gi \u00e9s IT szak\u00e9rt\u0151, Technetic Services Kft.<\/td><\/tr><tr><td>11:00<\/td><td>K\u00e1v\u00e9sz\u00fcnet<\/td><\/tr><tr><td>11:15<\/td><td><strong>Ipari digitaliz\u00e1ci\u00f3 kiberv\u00e9delmi kih\u00edv\u00e1sai v\u00e1llalati p\u00e9ld\u00e1kkal<\/strong>az ipari digitaliz\u00e1ci\u00f3 \u00e9s meglep\u0151 aspektusaikock\u00e1zatok \u00e9s kapcsol\u00f3d\u00e1suk a NIS2-veltechnikai, szervezeti korl\u00e1tok \u00e9s kih\u00edv\u00e1sokkorl\u00e1tok felold\u00e1sa, gyakorlati megold\u00e1si javaslatok<em>El\u0151ad\u00f3:&nbsp;<\/em><br>Pat\u00f3 S\u00e1ndor \u00fcgyvezet\u0151, karbantart\u00e1s \u00e9s ipar 4.0 szak\u00e9rt\u0151, Silver Frog Kft.<\/td><\/tr><tr><td>11:45<\/td><td><strong>A hiteles adat jelent\u0151s\u00e9ge a mai digit\u00e1lis vil\u00e1gunkban &#8211; Mesters\u00e9ges intelligencia vs. blockchain<\/strong><em>El\u0151ad\u00f3k:<\/em>&nbsp;<br>Dr. Hal\u00e1sz Rita, aleln\u00f6k, Blockchain Magyarorsz\u00e1g Egyes\u00fclet;<br>Solymos Gyula, AlphaNexus Kft., CEO, Blockchain &amp; Trust expert, Blockchain Koal\u00edci\u00f3, Ell\u00e1t\u00e1si l\u00e1nc Munkacsoport-vezet\u0151<\/td><\/tr><tr><td>12:15<\/td><td>K\u00e9rd\u00e9sek &#8211; v\u00e1laszok, networking<\/td><\/tr><\/tbody><\/table><\/figure>\n\n\n\n<p><\/p>\n\n\n\n<p><strong>R\u00c9SZV\u00c9TEL:<\/strong><\/p>\n\n\n\n<ul class=\"wp-block-list\">\n<li>A rendezv\u00e9nyen val\u00f3 r\u00e9szv\u00e9tel t\u00e9r\u00edt\u00e9smentes, de el\u0151zetes regisztr\u00e1ci\u00f3hoz k\u00f6t\u00f6tt.<\/li>\n\n\n\n<li>Jelentkezni a lenti ONLINE JELENTKEZ\u00c9SI LAP kit\u00f6lt\u00e9s\u00e9vel lehets\u00e9ges 2024. okt\u00f3ber 18-ig.<\/li>\n<\/ul>\n\n\n\n<p><strong>INFORM\u00c1CI\u00d3:<\/strong><\/p>\n\n\n\n<p><em>Czig\u00e1ny Attila gazdas\u00e1gfejleszt\u00e9si irodavezet\u0151<\/em><br>Veszpr\u00e9m V\u00e1rmegyei Kereskedelmi \u00e9s Iparkamara<br>06-88-814-103<br><a href=\"mailto:attila.czigany@veszpremikamara.hu\">attila.czigany@veszpremikamara.hu<\/a><\/p>\n\n\n\n<h3 class=\"wp-block-heading\"><a href=\"https:\/\/veszpremikamara.hu\/rendezvenyek\/gazdasagfejlesztes\/nis2-kiberbiztonsagi-innovacios-workshop\" target=\"_blank\" rel=\"noopener\">REGISZTR\u00c1CI\u00d3<\/a><\/h3>\n\n\n\n<p><\/p>","protected":false},"excerpt":{"rendered":"<p>Digit\u00e1lis v\u00e9delem \u00e9s innov\u00e1ci\u00f3: \u00faj kih\u00edv\u00e1sok \u00e9s megold\u00e1sok A Veszpr\u00e9m V\u00e1rmegyei Kereskedelmi \u00e9s Iparkamara a K\u00f6z\u00e9p-dun\u00e1nt\u00fali Region\u00e1lis Innov\u00e1ci\u00f3s \u00dcgyn\u00f6ks\u00e9g k\u00f6zrem\u0171k\u00f6d\u00e9s\u00e9vel innov\u00e1ci\u00f3s workshopot szervez NIS2, kiberbiztons\u00e1g, ipari digitaliz\u00e1ci\u00f3, mesters\u00e9ges intelligencia \u00e9s blokkl\u00e1nc t\u00e9mak\u00f6r\u00f6kben v\u00e1llalkoz\u00e1sok r\u00e9sz\u00e9re. K\u00e9szen \u00e1ll&nbsp;a digit\u00e1lis vil\u00e1g \u00faj kih\u00edv\u00e1saira?&nbsp;A technol\u00f3giai fejl\u0151d\u00e9s soha nem l\u00e1tott sebess\u00e9ggel halad el\u0151re, \u00e9s ezzel egy\u00fctt a kiberbiztons\u00e1gi fenyeget\u00e9sek is [&hellip;]<\/p>\n","protected":false},"author":1,"featured_media":9345,"comment_status":"closed","ping_status":"open","sticky":false,"template":"","format":"standard","meta":{"site-sidebar-layout":"default","site-content-layout":"","ast-site-content-layout":"default","site-content-style":"default","site-sidebar-style":"default","ast-global-header-display":"","ast-banner-title-visibility":"","ast-main-header-display":"","ast-hfb-above-header-display":"","ast-hfb-below-header-display":"","ast-hfb-mobile-header-display":"","site-post-title":"","ast-breadcrumbs-content":"","ast-featured-img":"","footer-sml-layout":"","ast-disable-related-posts":"","theme-transparent-header-meta":"","adv-header-id-meta":"","stick-header-meta":"","header-above-stick-meta":"","header-main-stick-meta":"","header-below-stick-meta":"","astra-migrate-meta-layouts":"set","ast-page-background-enabled":"default","ast-page-background-meta":{"desktop":{"background-color":"","background-image":"","background-repeat":"repeat","background-position":"center center","background-size":"auto","background-attachment":"scroll","background-type":"","background-media":"","overlay-type":"","overlay-color":"","overlay-opacity":"","overlay-gradient":""},"tablet":{"background-color":"","background-image":"","background-repeat":"repeat","background-position":"center center","background-size":"auto","background-attachment":"scroll","background-type":"","background-media":"","overlay-type":"","overlay-color":"","overlay-opacity":"","overlay-gradient":""},"mobile":{"background-color":"","background-image":"","background-repeat":"repeat","background-position":"center center","background-size":"auto","background-attachment":"scroll","background-type":"","background-media":"","overlay-type":"","overlay-color":"","overlay-opacity":"","overlay-gradient":""}},"ast-content-background-meta":{"desktop":{"background-color":"var(--ast-global-color-5)","background-image":"","background-repeat":"repeat","background-position":"center center","background-size":"auto","background-attachment":"scroll","background-type":"","background-media":"","overlay-type":"","overlay-color":"","overlay-opacity":"","overlay-gradient":""},"tablet":{"background-color":"var(--ast-global-color-5)","background-image":"","background-repeat":"repeat","background-position":"center center","background-size":"auto","background-attachment":"scroll","background-type":"","background-media":"","overlay-type":"","overlay-color":"","overlay-opacity":"","overlay-gradient":""},"mobile":{"background-color":"var(--ast-global-color-5)","background-image":"","background-repeat":"repeat","background-position":"center center","background-size":"auto","background-attachment":"scroll","background-type":"","background-media":"","overlay-type":"","overlay-color":"","overlay-opacity":"","overlay-gradient":""}},"footnotes":""},"categories":[9],"tags":[],"class_list":["post-9344","post","type-post","status-publish","format-standard","has-post-thumbnail","hentry","category-aktualis"],"_links":{"self":[{"href":"https:\/\/www.kdriu.hu\/en\/wp-json\/wp\/v2\/posts\/9344","targetHints":{"allow":["GET"]}}],"collection":[{"href":"https:\/\/www.kdriu.hu\/en\/wp-json\/wp\/v2\/posts"}],"about":[{"href":"https:\/\/www.kdriu.hu\/en\/wp-json\/wp\/v2\/types\/post"}],"author":[{"embeddable":true,"href":"https:\/\/www.kdriu.hu\/en\/wp-json\/wp\/v2\/users\/1"}],"replies":[{"embeddable":true,"href":"https:\/\/www.kdriu.hu\/en\/wp-json\/wp\/v2\/comments?post=9344"}],"version-history":[{"count":2,"href":"https:\/\/www.kdriu.hu\/en\/wp-json\/wp\/v2\/posts\/9344\/revisions"}],"predecessor-version":[{"id":9347,"href":"https:\/\/www.kdriu.hu\/en\/wp-json\/wp\/v2\/posts\/9344\/revisions\/9347"}],"wp:featuredmedia":[{"embeddable":true,"href":"https:\/\/www.kdriu.hu\/en\/wp-json\/wp\/v2\/media\/9345"}],"wp:attachment":[{"href":"https:\/\/www.kdriu.hu\/en\/wp-json\/wp\/v2\/media?parent=9344"}],"wp:term":[{"taxonomy":"category","embeddable":true,"href":"https:\/\/www.kdriu.hu\/en\/wp-json\/wp\/v2\/categories?post=9344"},{"taxonomy":"post_tag","embeddable":true,"href":"https:\/\/www.kdriu.hu\/en\/wp-json\/wp\/v2\/tags?post=9344"}],"curies":[{"name":"wp","href":"https:\/\/api.w.org\/{rel}","templated":true}]}}